{"id":38457,"date":"2024-12-16T13:51:34","date_gmt":"2024-12-16T12:51:34","guid":{"rendered":"https:\/\/muvhaz.orlaihaz.mezobereny.hu\/?p=38457"},"modified":"2024-12-16T13:51:34","modified_gmt":"2024-12-16T12:51:34","slug":"harom-gyertya-eg-az-adventi-koszorun","status":"publish","type":"post","link":"https:\/\/muvhaz.orlaihaz.mezobereny.hu\/?p=38457","title":{"rendered":"H\u00e1rom gyertya \u00e9g az adventi koszor\u00fan"},"content":{"rendered":"<p>A Mez\u0151ber\u00e9nyi Szlov\u00e1k Nemzetis\u00e9gi \u00d6nkorm\u00e1nyzat \u00e9s a Mez\u0151ber\u00e9nyi Szlov\u00e1kok Szervezete 2024. december 15-\u00e9n tartotta meg a harmadik adventi gyertya gy\u00fajt\u00e1s\u00e1t. Szolg\u00e1latot adott a helyi katolikus pl\u00e9b\u00e1nia. K\u00e9zm\u0171ves kirakod\u00f3 v\u00e1s\u00e1rt szervezett az Orlai h\u00e1z.<\/p>\n<p>&nbsp;<\/p>\n<p>&nbsp;<\/p>\n<p>A megjelenteket Borgula Gy\u00f6rgyn\u00e9, a szervezet eln\u00f6ke k\u00f6sz\u00f6nt\u00f6tte. Elmondta, az adventi vas\u00e1rnapok sor\u00e1ban a harmadik k\u00fcl\u00f6nleges. M\u00edg a t\u00f6bbi alkalmon feh\u00e9r gyerty\u00e1t gy\u00fajtunk, a harmadikon r\u00f3zsasz\u00ednt, ez az \u00f6r\u00f6m\u00f6t jelenti. Az adventi koszor\u00fan a gyerty\u00e1t T\u00e1nczos Eszter katolikus hitoktat\u00f3 \u00e9s Borgula Gy\u00f6rgy, a nemzetis\u00e9gi \u00f6nkorm\u00e1nyzat eln\u00f6ke, illetve hittanos gyerekek gy\u00fajtott\u00e1k meg.<\/p>\n<p>&nbsp;<\/p>\n<p>&nbsp;<\/p>\n<p>T\u00e1nczos Eszter besz\u00e9d\u00e9ben hangs\u00falyozta, hogy mindny\u00e1jan Isten szent gyermekei vagyunk. Mik\u00e9nt a bibliai id\u0151kben, J\u00e9zus ma is h\u00e1zr\u00f3l h\u00e1zra j\u00e1r, csup\u00e1n rajtunk m\u00falik, hogy beengedj\u00fck-e a sz\u00edv\u00fcnkbe.&nbsp;&nbsp;<\/p>\n<p>&nbsp;<\/p>\n<p>&nbsp;<\/p>\n<p>M\u0171sort adtak az egyh\u00e1z tagjai \u00e9s a hittanos gyerekek. A program v\u00e9g\u00e9n meleg te\u00e1val \u00e9s kal\u00e1ccsal vend\u00e9gelt\u00e9k meg a r\u00e9sztvev\u0151ket.<\/p>\n<p>&nbsp;<\/p>\n<p>&nbsp;<\/p>\n<p>December 22-\u00e9n a II. ker\u00fcleti Evang\u00e9likus Egyh\u00e1zk\u00f6zs\u00e9g szolg\u00e1lat\u00e1val gy\u00fajtj\u00e1k meg a negyedik gyerty\u00e1t.<\/p>\n<p>&nbsp;<\/p>\n<p>Az esem\u00e9nyr\u0151l a vide\u00f3felv\u00e9tel <a href=\"https:\/\/www.youtube.com\/watch?v=aSoUb4D_jfM\"><strong>ITT<\/strong><\/a> tal\u00e1lhat\u00f3.&nbsp;<\/p>\n<p>&nbsp;<\/p>\n<p style=\"text-align: center\"><a href=\"https:\/\/muvhaz.orlaihaz.mezobereny.hu\/?page_id=7920\"><strong>GAL\u00c9RIA<\/strong><\/a><\/p>\n<p>&nbsp;<\/p>\n<p>&nbsp;<\/p>\n","protected":false},"excerpt":{"rendered":"<p>A Mez\u0151ber\u00e9nyi Szlov\u00e1k Nemzetis\u00e9gi \u00d6nkorm\u00e1nyzat \u00e9s a Mez\u0151ber\u00e9nyi Szlov\u00e1kok Szervezete 2024. december 15-\u00e9n tartotta meg a harmadik adventi gyertya gy\u00fajt\u00e1s\u00e1t. Szolg\u00e1latot adott a helyi katolikus pl\u00e9b\u00e1nia. K\u00e9zm\u0171ves kirakod\u00f3 v\u00e1s\u00e1rt szervezett [&hellip;]<\/p>\n","protected":false},"author":2,"featured_media":38459,"comment_status":"closed","ping_status":"open","sticky":false,"template":"","format":"standard","meta":{"site-sidebar-layout":"default","site-content-layout":"","ast-site-content-layout":"","site-content-style":"default","site-sidebar-style":"default","ast-global-header-display":"","ast-banner-title-visibility":"","ast-main-header-display":"","ast-hfb-above-header-display":"","ast-hfb-below-header-display":"","ast-hfb-mobile-header-display":"","site-post-title":"","ast-breadcrumbs-content":"","ast-featured-img":"","footer-sml-layout":"","theme-transparent-header-meta":"","adv-header-id-meta":"","stick-header-meta":"","header-above-stick-meta":"","header-main-stick-meta":"","header-below-stick-meta":"","astra-migrate-meta-layouts":"default","ast-page-background-enabled":"default","ast-page-background-meta":{"desktop":{"background-color":"var(--ast-global-color-4)","background-image":"","background-repeat":"repeat","background-position":"center center","background-size":"auto","background-attachment":"scroll","background-type":"","background-media":"","overlay-type":"","overlay-color":"","overlay-opacity":"","overlay-gradient":""},"tablet":{"background-color":"","background-image":"","background-repeat":"repeat","background-position":"center center","background-size":"auto","background-attachment":"scroll","background-type":"","background-media":"","overlay-type":"","overlay-color":"","overlay-opacity":"","overlay-gradient":""},"mobile":{"background-color":"","background-image":"","background-repeat":"repeat","background-position":"center center","background-size":"auto","background-attachment":"scroll","background-type":"","background-media":"","overlay-type":"","overlay-color":"","overlay-opacity":"","overlay-gradient":""}},"ast-content-background-meta":{"desktop":{"background-color":"var(--ast-global-color-5)","background-image":"","background-repeat":"repeat","background-position":"center center","background-size":"auto","background-attachment":"scroll","background-type":"","background-media":"","overlay-type":"","overlay-color":"","overlay-opacity":"","overlay-gradient":""},"tablet":{"background-color":"var(--ast-global-color-5)","background-image":"","background-repeat":"repeat","background-position":"center center","background-size":"auto","background-attachment":"scroll","background-type":"","background-media":"","overlay-type":"","overlay-color":"","overlay-opacity":"","overlay-gradient":""},"mobile":{"background-color":"var(--ast-global-color-5)","background-image":"","background-repeat":"repeat","background-position":"center center","background-size":"auto","background-attachment":"scroll","background-type":"","background-media":"","overlay-type":"","overlay-color":"","overlay-opacity":"","overlay-gradient":""}},"ngg_post_thumbnail":0,"footnotes":""},"categories":[1],"tags":[],"class_list":["post-38457","post","type-post","status-publish","format-standard","has-post-thumbnail","hentry"],"jetpack_featured_media_url":"https:\/\/muvhaz.orlaihaz.mezobereny.hu\/wp-content\/uploads\/sites\/2\/2024\/12\/OPS_0057_oh.jpg","_links":{"self":[{"href":"https:\/\/muvhaz.orlaihaz.mezobereny.hu\/index.php?rest_route=\/wp\/v2\/posts\/38457"}],"collection":[{"href":"https:\/\/muvhaz.orlaihaz.mezobereny.hu\/index.php?rest_route=\/wp\/v2\/posts"}],"about":[{"href":"https:\/\/muvhaz.orlaihaz.mezobereny.hu\/index.php?rest_route=\/wp\/v2\/types\/post"}],"author":[{"embeddable":true,"href":"https:\/\/muvhaz.orlaihaz.mezobereny.hu\/index.php?rest_route=\/wp\/v2\/users\/2"}],"replies":[{"embeddable":true,"href":"https:\/\/muvhaz.orlaihaz.mezobereny.hu\/index.php?rest_route=%2Fwp%2Fv2%2Fcomments&post=38457"}],"version-history":[{"count":1,"href":"https:\/\/muvhaz.orlaihaz.mezobereny.hu\/index.php?rest_route=\/wp\/v2\/posts\/38457\/revisions"}],"predecessor-version":[{"id":38458,"href":"https:\/\/muvhaz.orlaihaz.mezobereny.hu\/index.php?rest_route=\/wp\/v2\/posts\/38457\/revisions\/38458"}],"wp:featuredmedia":[{"embeddable":true,"href":"https:\/\/muvhaz.orlaihaz.mezobereny.hu\/index.php?rest_route=\/wp\/v2\/media\/38459"}],"wp:attachment":[{"href":"https:\/\/muvhaz.orlaihaz.mezobereny.hu\/index.php?rest_route=%2Fwp%2Fv2%2Fmedia&parent=38457"}],"wp:term":[{"taxonomy":"category","embeddable":true,"href":"https:\/\/muvhaz.orlaihaz.mezobereny.hu\/index.php?rest_route=%2Fwp%2Fv2%2Fcategories&post=38457"},{"taxonomy":"post_tag","embeddable":true,"href":"https:\/\/muvhaz.orlaihaz.mezobereny.hu\/index.php?rest_route=%2Fwp%2Fv2%2Ftags&post=38457"}],"curies":[{"name":"wp","href":"https:\/\/api.w.org\/{rel}","templated":true}]}}