{"id":38575,"date":"2025-01-23T10:35:48","date_gmt":"2025-01-23T09:35:48","guid":{"rendered":"https:\/\/muvhaz.orlaihaz.mezobereny.hu\/?p=38575"},"modified":"2025-01-23T10:35:48","modified_gmt":"2025-01-23T09:35:48","slug":"zenevel-unnepeltuk-a-magyar-kulturat","status":"publish","type":"post","link":"https:\/\/muvhaz.orlaihaz.mezobereny.hu\/?p=38575","title":{"rendered":"Zen\u00e9vel \u00fcnnepelt\u00fck a magyar kult\u00far\u00e1t"},"content":{"rendered":"<p>A magyar kult\u00fara napja alkalm\u00e1b\u00f3l 2025. janu\u00e1r 22-\u00e9n koncertet adott a B\u00e9k\u00e9s Megyei Szimfonikusok Kamarazenekara az Orlai h\u00e1zban. A hangverseny el\u0151tt Sikl\u00f3si Istv\u00e1n polg\u00e1rmester k\u00f6sz\u00f6nt\u0151j\u00e9ben hangoztatta, a magyar kult\u00fara benn\u00fcnk van, a gondolatainkban, a mindennapi cselekedeteinkben, ezt adhatjuk tov\u00e1bb gyerekeinknek, unk\u00e1inknak. Ahhoz, hogy m\u00e1s n\u00e9pek m\u0171velts\u00e9g\u00e9t tisztelj\u00fck, el\u0151bb a magunk\u00e9t kell megbecs\u00fcln\u00fcnk. A magyar kult\u00fara szerves r\u00e9sze a nyelv\u00fcnk, Kosztol\u00e1nyi Dezs\u0151 szerint, hogy magyarul besz\u00e9l\u00fcnk \u00e9s gondolkodunk, ez \u00e9let\u00fcnk legnagyobb er\u00e9nye. A polg\u00e1rmester kifejtette, az ig\u00e9nyes kult\u00fara otthonra tal\u00e1lt Mez\u0151ber\u00e9nyben, az int\u00e9zm\u00e9nyek \u00e9s a civilszervezetek ennek az \u0151rei. A magyar \u00e9s a mez\u0151ber\u00e9nyi kult\u00fara adja meg az igazi emberi saj\u00e1toss\u00e1gunkat.<\/p>\n<p>&nbsp;<\/p>\n<p>A kamarazenekar 2009-ben alakult meg, azzal a c\u00e9llal hozt\u00e1k l\u00e9tre, hogy produkci\u00f3ikkal a v\u00e1rmegye kisebb telep\u00fcl\u00e9seire is eljussanak, ezzel ny\u00fajtsanak zenei \u00e9lm\u00e9nyt az ott \u00e9l\u0151knek. M\u0171sor\u00e1ban elhangzottak Vivaldi, Mozart, Sosztakovics, Csajkovszkij \u00e9s Edward Elgar m\u0171vei mellett magyar szerz\u0151k darabjai is, \u00edgy Kocs\u00e1r Mikl\u00f3st\u00f3l a \u201ePozsonyi t\u00e1ncok\u201d, Horv\u00e1th Barnab\u00e1st\u00f3la a \u201eA cs\u00e1rd\u00e1st j\u00e1r\u00f3 csizma\u201d \u00e9s Orb\u00e1n Gy\u00f6rgy egyik filmzen\u00e9je.<\/p>\n<p>&nbsp;<\/p>\n<p>A koncertmester Uhrin Viktor m\u0171v\u00e9szeti vezet\u0151 \u00e9s heged\u0171m\u0171v\u00e9sz volt. K\u00f6zrem\u0171k\u00f6d\u00f6tt R\u00e1zga \u00c1ron zongoram\u0171v\u00e9sz.<\/p>\n<p>&nbsp;<\/p>\n<p>B\u00e9k\u00e9s Megyei Szimfonikusok Kamarazenekara koncertje igazi csemege volt a komolyzene kedvel\u0151inek.<\/p>\n<p>&nbsp;<\/p>\n<p>Az esem\u00e9nyt a Nemzeti Kultur\u00e1lis Alap t\u00e1mogatta.<\/p>\n<p>&nbsp;<\/p>\n<p>Az esem\u00e9nyr\u0151l sz\u00f3l\u00f3 vide\u00f3t <a href=\"https:\/\/www.youtube.com\/watch?v=1yJ3DXaD2kg\"><strong>ITT<\/strong><\/a> tekintheti meg.&nbsp;<\/p>\n<p>&nbsp;<\/p>\n<p style=\"text-align: center\"><a href=\"https:\/\/muvhaz.orlaihaz.mezobereny.hu\/index.php\/nggallery\/album\/zenevel-unnepeltuk-a-magyar-kulturat-2025-januar-22?page_id=7899\"><strong>GAL\u00c9RIA<\/strong><\/a><\/p>\n","protected":false},"excerpt":{"rendered":"<p>A magyar kult\u00fara napja alkalm\u00e1b\u00f3l 2025. janu\u00e1r 22-\u00e9n koncertet adott a B\u00e9k\u00e9s Megyei Szimfonikusok Kamarazenekara az Orlai h\u00e1zban. A hangverseny el\u0151tt Sikl\u00f3si Istv\u00e1n polg\u00e1rmester k\u00f6sz\u00f6nt\u0151j\u00e9ben hangoztatta, a magyar kult\u00fara benn\u00fcnk [&hellip;]<\/p>\n","protected":false},"author":2,"featured_media":38577,"comment_status":"closed","ping_status":"open","sticky":false,"template":"","format":"standard","meta":{"site-sidebar-layout":"default","site-content-layout":"","ast-site-content-layout":"","site-content-style":"default","site-sidebar-style":"default","ast-global-header-display":"","ast-banner-title-visibility":"","ast-main-header-display":"","ast-hfb-above-header-display":"","ast-hfb-below-header-display":"","ast-hfb-mobile-header-display":"","site-post-title":"","ast-breadcrumbs-content":"","ast-featured-img":"","footer-sml-layout":"","theme-transparent-header-meta":"","adv-header-id-meta":"","stick-header-meta":"","header-above-stick-meta":"","header-main-stick-meta":"","header-below-stick-meta":"","astra-migrate-meta-layouts":"default","ast-page-background-enabled":"default","ast-page-background-meta":{"desktop":{"background-color":"var(--ast-global-color-4)","background-image":"","background-repeat":"repeat","background-position":"center center","background-size":"auto","background-attachment":"scroll","background-type":"","background-media":"","overlay-type":"","overlay-color":"","overlay-opacity":"","overlay-gradient":""},"tablet":{"background-color":"","background-image":"","background-repeat":"repeat","background-position":"center center","background-size":"auto","background-attachment":"scroll","background-type":"","background-media":"","overlay-type":"","overlay-color":"","overlay-opacity":"","overlay-gradient":""},"mobile":{"background-color":"","background-image":"","background-repeat":"repeat","background-position":"center center","background-size":"auto","background-attachment":"scroll","background-type":"","background-media":"","overlay-type":"","overlay-color":"","overlay-opacity":"","overlay-gradient":""}},"ast-content-background-meta":{"desktop":{"background-color":"var(--ast-global-color-5)","background-image":"","background-repeat":"repeat","background-position":"center center","background-size":"auto","background-attachment":"scroll","background-type":"","background-media":"","overlay-type":"","overlay-color":"","overlay-opacity":"","overlay-gradient":""},"tablet":{"background-color":"var(--ast-global-color-5)","background-image":"","background-repeat":"repeat","background-position":"center center","background-size":"auto","background-attachment":"scroll","background-type":"","background-media":"","overlay-type":"","overlay-color":"","overlay-opacity":"","overlay-gradient":""},"mobile":{"background-color":"var(--ast-global-color-5)","background-image":"","background-repeat":"repeat","background-position":"center center","background-size":"auto","background-attachment":"scroll","background-type":"","background-media":"","overlay-type":"","overlay-color":"","overlay-opacity":"","overlay-gradient":""}},"ngg_post_thumbnail":0,"footnotes":""},"categories":[1],"tags":[],"class_list":["post-38575","post","type-post","status-publish","format-standard","has-post-thumbnail","hentry"],"jetpack_featured_media_url":"https:\/\/muvhaz.orlaihaz.mezobereny.hu\/wp-content\/uploads\/sites\/2\/2025\/01\/OPS_0060_oh.jpg","_links":{"self":[{"href":"https:\/\/muvhaz.orlaihaz.mezobereny.hu\/index.php?rest_route=\/wp\/v2\/posts\/38575"}],"collection":[{"href":"https:\/\/muvhaz.orlaihaz.mezobereny.hu\/index.php?rest_route=\/wp\/v2\/posts"}],"about":[{"href":"https:\/\/muvhaz.orlaihaz.mezobereny.hu\/index.php?rest_route=\/wp\/v2\/types\/post"}],"author":[{"embeddable":true,"href":"https:\/\/muvhaz.orlaihaz.mezobereny.hu\/index.php?rest_route=\/wp\/v2\/users\/2"}],"replies":[{"embeddable":true,"href":"https:\/\/muvhaz.orlaihaz.mezobereny.hu\/index.php?rest_route=%2Fwp%2Fv2%2Fcomments&post=38575"}],"version-history":[{"count":1,"href":"https:\/\/muvhaz.orlaihaz.mezobereny.hu\/index.php?rest_route=\/wp\/v2\/posts\/38575\/revisions"}],"predecessor-version":[{"id":38576,"href":"https:\/\/muvhaz.orlaihaz.mezobereny.hu\/index.php?rest_route=\/wp\/v2\/posts\/38575\/revisions\/38576"}],"wp:featuredmedia":[{"embeddable":true,"href":"https:\/\/muvhaz.orlaihaz.mezobereny.hu\/index.php?rest_route=\/wp\/v2\/media\/38577"}],"wp:attachment":[{"href":"https:\/\/muvhaz.orlaihaz.mezobereny.hu\/index.php?rest_route=%2Fwp%2Fv2%2Fmedia&parent=38575"}],"wp:term":[{"taxonomy":"category","embeddable":true,"href":"https:\/\/muvhaz.orlaihaz.mezobereny.hu\/index.php?rest_route=%2Fwp%2Fv2%2Fcategories&post=38575"},{"taxonomy":"post_tag","embeddable":true,"href":"https:\/\/muvhaz.orlaihaz.mezobereny.hu\/index.php?rest_route=%2Fwp%2Fv2%2Ftags&post=38575"}],"curies":[{"name":"wp","href":"https:\/\/api.w.org\/{rel}","templated":true}]}}