{"id":38904,"date":"2025-03-10T09:05:44","date_gmt":"2025-03-10T08:05:44","guid":{"rendered":"https:\/\/muvhaz.orlaihaz.mezobereny.hu\/?p=38904"},"modified":"2025-03-10T09:05:44","modified_gmt":"2025-03-10T08:05:44","slug":"kamaras-ivan-nonapi-koncertje","status":"publish","type":"post","link":"https:\/\/muvhaz.orlaihaz.mezobereny.hu\/?p=38904","title":{"rendered":"Kamar\u00e1s Iv\u00e1n n\u0151napi koncertje"},"content":{"rendered":"\n<p>Kamar\u00e1s Iv\u00e1nt legt\u00f6bbsz\u00f6r filmekben vagy \u00e9pp sz\u00ednh\u00e1zi darabokban l\u00e1thatjuk, \u00e1m csak kevesen tudj\u00e1k r\u00f3la, hogy a zene szerelmese, mi t\u00f6bb gyermekkora \u00f3ta \u00e9nekel, git\u00e1rozik. Most \u00fagy d\u00f6nt\u00f6tt, hogy saj\u00e1t koncerttel jelentkezik, s\u0151t turn\u00e9ra indul. K\u00f6r\u00fatja sor\u00e1n 2025. m\u00e1rcius 7-\u00e9n jutott el az Orlai h\u00e1zba, ahol n\u0151nap alkalm\u00e1b\u00f3l l\u00e9pett sz\u00ednpadra.<\/p>\n\n\n\n<p>A k\u00f6z\u00f6ns\u00e9get T\u00fari Andrea igazgat\u00f3 k\u00f6sz\u00f6nt\u00f6tte, elmondta egy s\u00e1rm\u0151r m\u0171sor\u00e1val k\u00edv\u00e1nnak a h\u00f6lgyeknek boldog n\u0151napot.<\/p>\n\n\n\n<p>Kamar\u00e1s Iv\u00e1n a \u201eCs\u00f3kkir\u00e1ly\u201d c\u00edm\u0171 koncertj\u00e9n zenei utaz\u00e1sra h\u00edvta k\u00f6z\u00f6ns\u00e9g\u00e9t, \u00e9s minden dalhoz egy sztorit mes\u00e9lt. M\u0171sor\u00e1n a legnagyobb magyar \u00e9s vil\u00e1gsl\u00e1gerek csend\u00fcltek fel. A lelkes k\u00f6z\u00f6ns\u00e9g nehezen engedte le a sz\u00ednpadr\u00f3l, miut\u00e1n visszatapsolt\u00e1k, a fi\u00e1hoz \u00edrt saj\u00e1t dal\u00e1val b\u00facs\u00fazott el.<\/p>\n\n\n\n<p><\/p>\n\n\n\n<p class=\"has-text-align-center\"><strong><a href=\"https:\/\/muvhaz.orlaihaz.mezobereny.hu\/index.php\/nggallery\/album\/kamaras-ivan-nonapi-koncertje-2025-marcius-7?page_id=7899\">GAL\u00c9RIA<\/a><\/strong><\/p>\n\n\n\n<p><\/p>\n","protected":false},"excerpt":{"rendered":"<p>Kamar\u00e1s Iv\u00e1nt legt\u00f6bbsz\u00f6r filmekben vagy \u00e9pp sz\u00ednh\u00e1zi darabokban l\u00e1thatjuk, \u00e1m csak kevesen tudj\u00e1k r\u00f3la, hogy a zene szerelmese, mi t\u00f6bb gyermekkora \u00f3ta \u00e9nekel, git\u00e1rozik. Most \u00fagy d\u00f6nt\u00f6tt, hogy saj\u00e1t koncerttel [&hellip;]<\/p>\n","protected":false},"author":2,"featured_media":38906,"comment_status":"closed","ping_status":"open","sticky":false,"template":"","format":"standard","meta":{"site-sidebar-layout":"default","site-content-layout":"","ast-site-content-layout":"","site-content-style":"default","site-sidebar-style":"default","ast-global-header-display":"","ast-banner-title-visibility":"","ast-main-header-display":"","ast-hfb-above-header-display":"","ast-hfb-below-header-display":"","ast-hfb-mobile-header-display":"","site-post-title":"","ast-breadcrumbs-content":"","ast-featured-img":"","footer-sml-layout":"","theme-transparent-header-meta":"","adv-header-id-meta":"","stick-header-meta":"","header-above-stick-meta":"","header-main-stick-meta":"","header-below-stick-meta":"","astra-migrate-meta-layouts":"default","ast-page-background-enabled":"default","ast-page-background-meta":{"desktop":{"background-color":"var(--ast-global-color-4)","background-image":"","background-repeat":"repeat","background-position":"center center","background-size":"auto","background-attachment":"scroll","background-type":"","background-media":"","overlay-type":"","overlay-color":"","overlay-opacity":"","overlay-gradient":""},"tablet":{"background-color":"","background-image":"","background-repeat":"repeat","background-position":"center center","background-size":"auto","background-attachment":"scroll","background-type":"","background-media":"","overlay-type":"","overlay-color":"","overlay-opacity":"","overlay-gradient":""},"mobile":{"background-color":"","background-image":"","background-repeat":"repeat","background-position":"center center","background-size":"auto","background-attachment":"scroll","background-type":"","background-media":"","overlay-type":"","overlay-color":"","overlay-opacity":"","overlay-gradient":""}},"ast-content-background-meta":{"desktop":{"background-color":"var(--ast-global-color-5)","background-image":"","background-repeat":"repeat","background-position":"center center","background-size":"auto","background-attachment":"scroll","background-type":"","background-media":"","overlay-type":"","overlay-color":"","overlay-opacity":"","overlay-gradient":""},"tablet":{"background-color":"var(--ast-global-color-5)","background-image":"","background-repeat":"repeat","background-position":"center center","background-size":"auto","background-attachment":"scroll","background-type":"","background-media":"","overlay-type":"","overlay-color":"","overlay-opacity":"","overlay-gradient":""},"mobile":{"background-color":"var(--ast-global-color-5)","background-image":"","background-repeat":"repeat","background-position":"center center","background-size":"auto","background-attachment":"scroll","background-type":"","background-media":"","overlay-type":"","overlay-color":"","overlay-opacity":"","overlay-gradient":""}},"ngg_post_thumbnail":0,"footnotes":""},"categories":[1],"tags":[],"class_list":["post-38904","post","type-post","status-publish","format-standard","has-post-thumbnail","hentry"],"jetpack_featured_media_url":"https:\/\/muvhaz.orlaihaz.mezobereny.hu\/wp-content\/uploads\/sites\/2\/2025\/03\/OPS_0091_oh.jpg","_links":{"self":[{"href":"https:\/\/muvhaz.orlaihaz.mezobereny.hu\/index.php?rest_route=\/wp\/v2\/posts\/38904"}],"collection":[{"href":"https:\/\/muvhaz.orlaihaz.mezobereny.hu\/index.php?rest_route=\/wp\/v2\/posts"}],"about":[{"href":"https:\/\/muvhaz.orlaihaz.mezobereny.hu\/index.php?rest_route=\/wp\/v2\/types\/post"}],"author":[{"embeddable":true,"href":"https:\/\/muvhaz.orlaihaz.mezobereny.hu\/index.php?rest_route=\/wp\/v2\/users\/2"}],"replies":[{"embeddable":true,"href":"https:\/\/muvhaz.orlaihaz.mezobereny.hu\/index.php?rest_route=%2Fwp%2Fv2%2Fcomments&post=38904"}],"version-history":[{"count":1,"href":"https:\/\/muvhaz.orlaihaz.mezobereny.hu\/index.php?rest_route=\/wp\/v2\/posts\/38904\/revisions"}],"predecessor-version":[{"id":38905,"href":"https:\/\/muvhaz.orlaihaz.mezobereny.hu\/index.php?rest_route=\/wp\/v2\/posts\/38904\/revisions\/38905"}],"wp:featuredmedia":[{"embeddable":true,"href":"https:\/\/muvhaz.orlaihaz.mezobereny.hu\/index.php?rest_route=\/wp\/v2\/media\/38906"}],"wp:attachment":[{"href":"https:\/\/muvhaz.orlaihaz.mezobereny.hu\/index.php?rest_route=%2Fwp%2Fv2%2Fmedia&parent=38904"}],"wp:term":[{"taxonomy":"category","embeddable":true,"href":"https:\/\/muvhaz.orlaihaz.mezobereny.hu\/index.php?rest_route=%2Fwp%2Fv2%2Fcategories&post=38904"},{"taxonomy":"post_tag","embeddable":true,"href":"https:\/\/muvhaz.orlaihaz.mezobereny.hu\/index.php?rest_route=%2Fwp%2Fv2%2Ftags&post=38904"}],"curies":[{"name":"wp","href":"https:\/\/api.w.org\/{rel}","templated":true}]}}