{"id":39078,"date":"2025-04-04T13:46:42","date_gmt":"2025-04-04T11:46:42","guid":{"rendered":"https:\/\/muvhaz.orlaihaz.mezobereny.hu\/?p=39078"},"modified":"2025-04-04T13:46:42","modified_gmt":"2025-04-04T11:46:42","slug":"konfliktuskezeles-serules-nelkul","status":"publish","type":"post","link":"https:\/\/muvhaz.orlaihaz.mezobereny.hu\/?p=39078","title":{"rendered":"Konfliktuskezel\u00e9s s\u00e9r\u00fcl\u00e9s n\u00e9lk\u00fcl"},"content":{"rendered":"\n<p>Lo\u00f3s Bal\u00e1zs, az AnaLog M\u00f3dszer feltal\u00e1l\u00f3ja tartott el\u0151ad\u00e1st 2025. \u00e1prilis 3-\u00e1n az Orlai h\u00e1zban. Elmondta, az egyetemen m\u00e9rn\u00f6knek tanult, a diploma megszerz\u00e9se ut\u00e1n menedzserk\u00e9nt dolgozott, majd bar\u00e1tj\u00e1val saj\u00e1t c\u00e9get alap\u00edtott. Egy id\u0151 ut\u00e1n r\u00e1j\u00f6tt, hogy emberekkel akar foglalkozni, mag\u00e1n\u00e9leti gondjai is erre \u00f6szt\u00f6n\u00f6zt\u00e9k. T\u00f6bb m\u00f3dszert, technik\u00e1t is kipr\u00f3b\u00e1lt, de azokat nem tal\u00e1lta t\u00f6k\u00e9letesnek, ez\u00e9rt dolgozta ki saj\u00e1tj\u00e1t.<\/p>\n\n\n\n<p>Sz\u00e1m\u00e1ra f\u0151 k\u00e9rd\u00e9s, hogyan lehet a konfliktusokat verb\u00e1lis eszk\u00f6z\u00f6kkel \u00fagy rendezni, hogy senki se s\u00e9r\u00fclj\u00f6n. Ugyanis egy kapcsolat nem akkor j\u00f3, ha az \u00f6ssze\u00fctk\u00f6z\u00e9seket elker\u00fclik \u2013 azok \u00fagyis ad\u00f3dnak \u2013 hanem att\u00f3l, hogy azokat k\u00e9pesek kezelni. Erre n\u00e9gyl\u00e9p\u00e9ses m\u00f3dszert \u00e1ll\u00edtott \u00f6ssze. Sz\u00f3lt arr\u00f3l is, tiszt\u00e1ban kell lenn\u00fcnk azzal, hogy milyen negat\u00edv \u00e9rzelmek zavarnak, ezeket bels\u0151 k\u00e9pekkel dolgozhatjuk fel.&nbsp; &nbsp;<\/p>\n\n\n\n<p>M\u00f3dszer\u00e9nek az AnaLog nevet adta, ez az anal\u00f3gi\u00e1ra \u00e9s a logik\u00e1ra utal, a met\u00f3dusr\u00f3l eddig k\u00e9t k\u00f6nyvet \u00edrt, ezeket a rendezv\u00e9nyre mag\u00e1val hozta.<\/p>\n\n\n\n<p>Az esem\u00e9ynr\u0151l a Ber\u00e9ny KTV vide\u00f3j\u00e1t <strong><a href=\"https:\/\/www.youtube.com\/watch?v=BL6-lIWQyNw\" data-type=\"link\" data-id=\"https:\/\/www.youtube.com\/watch?v=BL6-lIWQyNw\">ITT<\/a><\/strong> l\u00e1thatj\u00e1k. <\/p>\n\n\n\n<p><\/p>\n\n\n\n<p class=\"has-text-align-center\"><strong><a href=\"https:\/\/muvhaz.orlaihaz.mezobereny.hu\/index.php\/nggallery\/album\/konfliktuskezeles-serules-nelkul-2025-aprilis-3?page_id=7899\">GAL\u00c9RIA<\/a><\/strong><\/p>\n","protected":false},"excerpt":{"rendered":"<p>Lo\u00f3s Bal\u00e1zs, az AnaLog M\u00f3dszer feltal\u00e1l\u00f3ja tartott el\u0151ad\u00e1st 2025. \u00e1prilis 3-\u00e1n az Orlai h\u00e1zban. Elmondta, az egyetemen m\u00e9rn\u00f6knek tanult, a diploma megszerz\u00e9se ut\u00e1n menedzserk\u00e9nt dolgozott, majd bar\u00e1tj\u00e1val saj\u00e1t c\u00e9get alap\u00edtott. [&hellip;]<\/p>\n","protected":false},"author":2,"featured_media":39080,"comment_status":"closed","ping_status":"open","sticky":false,"template":"","format":"standard","meta":{"site-sidebar-layout":"default","site-content-layout":"","ast-site-content-layout":"","site-content-style":"default","site-sidebar-style":"default","ast-global-header-display":"","ast-banner-title-visibility":"","ast-main-header-display":"","ast-hfb-above-header-display":"","ast-hfb-below-header-display":"","ast-hfb-mobile-header-display":"","site-post-title":"","ast-breadcrumbs-content":"","ast-featured-img":"","footer-sml-layout":"","theme-transparent-header-meta":"","adv-header-id-meta":"","stick-header-meta":"","header-above-stick-meta":"","header-main-stick-meta":"","header-below-stick-meta":"","astra-migrate-meta-layouts":"default","ast-page-background-enabled":"default","ast-page-background-meta":{"desktop":{"background-color":"var(--ast-global-color-4)","background-image":"","background-repeat":"repeat","background-position":"center center","background-size":"auto","background-attachment":"scroll","background-type":"","background-media":"","overlay-type":"","overlay-color":"","overlay-opacity":"","overlay-gradient":""},"tablet":{"background-color":"","background-image":"","background-repeat":"repeat","background-position":"center center","background-size":"auto","background-attachment":"scroll","background-type":"","background-media":"","overlay-type":"","overlay-color":"","overlay-opacity":"","overlay-gradient":""},"mobile":{"background-color":"","background-image":"","background-repeat":"repeat","background-position":"center center","background-size":"auto","background-attachment":"scroll","background-type":"","background-media":"","overlay-type":"","overlay-color":"","overlay-opacity":"","overlay-gradient":""}},"ast-content-background-meta":{"desktop":{"background-color":"var(--ast-global-color-5)","background-image":"","background-repeat":"repeat","background-position":"center center","background-size":"auto","background-attachment":"scroll","background-type":"","background-media":"","overlay-type":"","overlay-color":"","overlay-opacity":"","overlay-gradient":""},"tablet":{"background-color":"var(--ast-global-color-5)","background-image":"","background-repeat":"repeat","background-position":"center center","background-size":"auto","background-attachment":"scroll","background-type":"","background-media":"","overlay-type":"","overlay-color":"","overlay-opacity":"","overlay-gradient":""},"mobile":{"background-color":"var(--ast-global-color-5)","background-image":"","background-repeat":"repeat","background-position":"center center","background-size":"auto","background-attachment":"scroll","background-type":"","background-media":"","overlay-type":"","overlay-color":"","overlay-opacity":"","overlay-gradient":""}},"ngg_post_thumbnail":0,"footnotes":""},"categories":[1],"tags":[],"class_list":["post-39078","post","type-post","status-publish","format-standard","has-post-thumbnail","hentry"],"jetpack_featured_media_url":"https:\/\/muvhaz.orlaihaz.mezobereny.hu\/wp-content\/uploads\/sites\/2\/2025\/04\/OPS_0036_oh.jpg","_links":{"self":[{"href":"https:\/\/muvhaz.orlaihaz.mezobereny.hu\/index.php?rest_route=\/wp\/v2\/posts\/39078"}],"collection":[{"href":"https:\/\/muvhaz.orlaihaz.mezobereny.hu\/index.php?rest_route=\/wp\/v2\/posts"}],"about":[{"href":"https:\/\/muvhaz.orlaihaz.mezobereny.hu\/index.php?rest_route=\/wp\/v2\/types\/post"}],"author":[{"embeddable":true,"href":"https:\/\/muvhaz.orlaihaz.mezobereny.hu\/index.php?rest_route=\/wp\/v2\/users\/2"}],"replies":[{"embeddable":true,"href":"https:\/\/muvhaz.orlaihaz.mezobereny.hu\/index.php?rest_route=%2Fwp%2Fv2%2Fcomments&post=39078"}],"version-history":[{"count":1,"href":"https:\/\/muvhaz.orlaihaz.mezobereny.hu\/index.php?rest_route=\/wp\/v2\/posts\/39078\/revisions"}],"predecessor-version":[{"id":39079,"href":"https:\/\/muvhaz.orlaihaz.mezobereny.hu\/index.php?rest_route=\/wp\/v2\/posts\/39078\/revisions\/39079"}],"wp:featuredmedia":[{"embeddable":true,"href":"https:\/\/muvhaz.orlaihaz.mezobereny.hu\/index.php?rest_route=\/wp\/v2\/media\/39080"}],"wp:attachment":[{"href":"https:\/\/muvhaz.orlaihaz.mezobereny.hu\/index.php?rest_route=%2Fwp%2Fv2%2Fmedia&parent=39078"}],"wp:term":[{"taxonomy":"category","embeddable":true,"href":"https:\/\/muvhaz.orlaihaz.mezobereny.hu\/index.php?rest_route=%2Fwp%2Fv2%2Fcategories&post=39078"},{"taxonomy":"post_tag","embeddable":true,"href":"https:\/\/muvhaz.orlaihaz.mezobereny.hu\/index.php?rest_route=%2Fwp%2Fv2%2Ftags&post=39078"}],"curies":[{"name":"wp","href":"https:\/\/api.w.org\/{rel}","templated":true}]}}