{"id":39124,"date":"2025-04-11T13:57:13","date_gmt":"2025-04-11T11:57:13","guid":{"rendered":"https:\/\/muvhaz.orlaihaz.mezobereny.hu\/?p=39124"},"modified":"2025-04-11T13:57:13","modified_gmt":"2025-04-11T11:57:13","slug":"orszagossa-valt-az-orlai-haz-irodalmi-palyazata","status":"publish","type":"post","link":"https:\/\/muvhaz.orlaihaz.mezobereny.hu\/?p=39124","title":{"rendered":"Orsz\u00e1goss\u00e1 v\u00e1lt az Orlai h\u00e1z irodalmi p\u00e1ly\u00e1zata"},"content":{"rendered":"<p>A magyar k\u00f6lt\u00e9szet napja alkalm\u00e1b\u00f3l megtartott vers\u00fcnnep imm\u00e1r az Orlai h\u00e1z hagyom\u00e1nyos rendezv\u00e9nye. A trad\u00edci\u00f3nak megfelel\u0151en 2025. \u00e1prilis 10-\u00e9n kihirdett\u00e9k a vers- \u00e9s novella\u00edr\u00f3 p\u00e1ly\u00e1zat eredm\u00e9ny\u00e9t, tov\u00e1bb\u00e1 a d\u00edjazottaknak \u00e9s valamennyi jelenl\u00e9v\u0151nek aj\u00e1nd\u00e9km\u0171sort adott Benk\u0151 P\u00e9ter k\u00e9tszeres J\u00e1szai Mari-d\u00edjas sz\u00ednm\u0171v\u00e9sz, \u00e9rdemes m\u0171v\u00e9sz \u00e9s K\u00f3bor Tam\u00e1s \u00e9nekm\u0171v\u00e9sz.<\/p>\n<p>&nbsp;<\/p>\n<p>A r\u00e9sztvev\u0151ket Sikl\u00f3si Istv\u00e1n polg\u00e1rmester k\u00f6sz\u00f6nt\u00f6tte, hangoztatta, ma is sokan \u00edrnak verset, novell\u00e1t, \u00e9s egy fiatalkori, szerelmi csal\u00f3d\u00e1s ihlette k\u00f6ltem\u00e9ny\u00e9t fel is olvasta. Szavait azzal fejezte be, k\u00edv\u00e1nja, hogy mindenki tal\u0171lja meg \u00f6r\u00f6m\u00e9t a sz\u00e9pirodalomban.&nbsp;<\/p>\n<p>&nbsp;<\/p>\n<p>Az Orlai h\u00e1z p\u00e1ly\u00e1zati ki\u00edr\u00e1s\u00e1ra \u2013 orsz\u00e1g minden r\u00e9sz\u00e9b\u0151l \u2013 \u00f6sszesen h\u00faszan p\u00e1ly\u00e1ztak, t\u00f6bben mindk\u00e9t kateg\u00f3ri\u00e1ban, \u00edgy verset tizenheten, novell\u00e1t kilencen k\u00fcldtek be. Az alkot\u00e1sokat h\u00e1romtag\u00fa zs\u0171ri b\u00edr\u00e1lta el: Bancsi \u00c1rp\u00e1d, k\u00f6z\u00e9piskolai magyartan\u00e1r, K\u00f6r\u00f6si Mih\u00e1ly helyt\u00f6rt\u00e9neti kutat\u00f3 \u00e9s Moln\u00e1r Lajos \u00edr\u00f3, a Mez\u0151ber\u00e9nyi H\u00edrmond\u00f3 szerkeszt\u0151je.<\/p>\n<p>&nbsp;<\/p>\n<p>A p\u00e1ly\u00e1zat eredm\u00e9ny\u00e9t Bancsi \u00c1rp\u00e1d ismertette, elmondta, verskateg\u00f3ri\u00e1ban K\u00e1ntor Kriszti\u00e1n (Gyenesdi\u00e1s) lett az els\u0151, m\u00e1sodik helyen Szebegyinszky R\u00e9ka (Mez\u0151ber\u00e9ny) v\u00e9gzett.&nbsp; A zs\u0171ri h\u00e1rom harmadik helyet osztott ki, ezeket And\u00f3 Istv\u00e1n (B\u00e9k\u00e9scsaba), \u00c1rszintye Erika ((B\u00e9k\u00e9scsaba) \u00e9s Holop Eszter (Mez\u0151ber\u00e9ny) \u00e9rdemelte ki. A zs\u0171ri k\u00fcl\u00f6nd\u00edj\u00e1t a tizenhat \u00e9ves Ag\u00f3cs Anna (Orosh\u00e1za) kapta meglep\u0151en \u00e9rett vers\u00e9\u00e9rt. K\u00f6r\u00f6si Mih\u00e1ly Gul\u00e1g- \u00e9s Gupvikutat\u00f3k Nemzetk\u00f6zi T\u00e1rsas\u00e1ga aleln\u00f6kek\u00e9nt a hadifogs\u00e1g, a m\u00e1lenkij robot, a csehszlov\u00e1k-magyar lakoss\u00e1gcsere eml\u00e9kezet\u00e9nek megjelen\u00edt\u00e9s\u00e9\u00e9rt k\u00fcl\u00f6nd\u00edjban r\u00e9szes\u00edtette Balog Andr\u00e1sn\u00e9t (Mez\u0151ber\u00e9ny), illetve a B\u00e9k\u00e9s Megyei Helyt\u00f6rt\u00e9neti Egyes\u00fclet eln\u00f6kek\u00e9nt a felvid\u00e9ki magyarok ki\u0171zet\u00e9se eml\u00e9kezet\u00e9nek \u00e1br\u00e1zol\u00e1s\u00e1\u00e9rt Sz\u00fcll\u0151n\u00e9 Cz\u0151d\u00f6r M\u00e1ri\u00e1t (Pitvaros).<\/p>\n<p>&nbsp;<\/p>\n<p>Novella kateg\u00f3ri\u00e1ban And\u00f3 Istv\u00e1n (B\u00e9k\u00e9scsaba) gy\u0151z\u00f6tt, F\u00f6ldesi Zolt\u00e1n jr. (B\u00e9k\u00e9s) \u00e9s Hol\u00f3ka Demeter P\u00e9ter (K\u00f6r\u00f6slad\u00e1ny) el\u0151tt. A d\u00edjakat, a jutalomk\u00f6nyveket Sikl\u00f3si Istv\u00e1n, Bancsi \u00c1rp\u00e1d \u00e9s K\u00f6r\u00f6si Mih\u00e1ly adta \u00e1t.<\/p>\n<p>&nbsp;<\/p>\n<p>Moln\u00e1r Lajos felaj\u00e1nlotta a p\u00e1ly\u00e1z\u00f3knak, hogy az Orlai h\u00e1z irodalmi m\u0171hely\u00e9ben r\u00e9szletes v\u00e9lem\u00e9nyt kaphatnak p\u00e1lyamunk\u00e1ikr\u00f3l.&nbsp;<\/p>\n<p>&nbsp;<\/p>\n<p>A Ber\u00e9ny KTV felv\u00e9tel\u00e9t az esem\u00e9nyr\u0151l <a href=\"https:\/\/www.youtube.com\/watch?v=ZW-AeYaqJwI\"><strong>ITT<\/strong><\/a> tal\u00e1lja.&nbsp;<\/p>\n<p>&nbsp;<\/p>\n<p style=\"text-align: center\"><a href=\"https:\/\/muvhaz.orlaihaz.mezobereny.hu\/index.php\/nggallery\/album\/versunnep-2025-aprilis-10?page_id=7899\"><strong>GAL\u00c9RIA<\/strong><\/a><\/p>\n<p>&nbsp;<\/p>\n","protected":false},"excerpt":{"rendered":"<p>A magyar k\u00f6lt\u00e9szet napja alkalm\u00e1b\u00f3l megtartott vers\u00fcnnep imm\u00e1r az Orlai h\u00e1z hagyom\u00e1nyos rendezv\u00e9nye. A trad\u00edci\u00f3nak megfelel\u0151en 2025. \u00e1prilis 10-\u00e9n kihirdett\u00e9k a vers- \u00e9s novella\u00edr\u00f3 p\u00e1ly\u00e1zat eredm\u00e9ny\u00e9t, tov\u00e1bb\u00e1 a d\u00edjazottaknak \u00e9s [&hellip;]<\/p>\n","protected":false},"author":2,"featured_media":39126,"comment_status":"closed","ping_status":"open","sticky":false,"template":"","format":"standard","meta":{"site-sidebar-layout":"default","site-content-layout":"","ast-site-content-layout":"","site-content-style":"default","site-sidebar-style":"default","ast-global-header-display":"","ast-banner-title-visibility":"","ast-main-header-display":"","ast-hfb-above-header-display":"","ast-hfb-below-header-display":"","ast-hfb-mobile-header-display":"","site-post-title":"","ast-breadcrumbs-content":"","ast-featured-img":"","footer-sml-layout":"","theme-transparent-header-meta":"","adv-header-id-meta":"","stick-header-meta":"","header-above-stick-meta":"","header-main-stick-meta":"","header-below-stick-meta":"","astra-migrate-meta-layouts":"default","ast-page-background-enabled":"default","ast-page-background-meta":{"desktop":{"background-color":"var(--ast-global-color-4)","background-image":"","background-repeat":"repeat","background-position":"center center","background-size":"auto","background-attachment":"scroll","background-type":"","background-media":"","overlay-type":"","overlay-color":"","overlay-opacity":"","overlay-gradient":""},"tablet":{"background-color":"","background-image":"","background-repeat":"repeat","background-position":"center center","background-size":"auto","background-attachment":"scroll","background-type":"","background-media":"","overlay-type":"","overlay-color":"","overlay-opacity":"","overlay-gradient":""},"mobile":{"background-color":"","background-image":"","background-repeat":"repeat","background-position":"center center","background-size":"auto","background-attachment":"scroll","background-type":"","background-media":"","overlay-type":"","overlay-color":"","overlay-opacity":"","overlay-gradient":""}},"ast-content-background-meta":{"desktop":{"background-color":"var(--ast-global-color-5)","background-image":"","background-repeat":"repeat","background-position":"center center","background-size":"auto","background-attachment":"scroll","background-type":"","background-media":"","overlay-type":"","overlay-color":"","overlay-opacity":"","overlay-gradient":""},"tablet":{"background-color":"var(--ast-global-color-5)","background-image":"","background-repeat":"repeat","background-position":"center center","background-size":"auto","background-attachment":"scroll","background-type":"","background-media":"","overlay-type":"","overlay-color":"","overlay-opacity":"","overlay-gradient":""},"mobile":{"background-color":"var(--ast-global-color-5)","background-image":"","background-repeat":"repeat","background-position":"center center","background-size":"auto","background-attachment":"scroll","background-type":"","background-media":"","overlay-type":"","overlay-color":"","overlay-opacity":"","overlay-gradient":""}},"ngg_post_thumbnail":0,"footnotes":""},"categories":[1],"tags":[],"class_list":["post-39124","post","type-post","status-publish","format-standard","has-post-thumbnail","hentry"],"jetpack_featured_media_url":"https:\/\/muvhaz.orlaihaz.mezobereny.hu\/wp-content\/uploads\/sites\/2\/2025\/04\/OPS_0106_oh.jpg","_links":{"self":[{"href":"https:\/\/muvhaz.orlaihaz.mezobereny.hu\/index.php?rest_route=\/wp\/v2\/posts\/39124"}],"collection":[{"href":"https:\/\/muvhaz.orlaihaz.mezobereny.hu\/index.php?rest_route=\/wp\/v2\/posts"}],"about":[{"href":"https:\/\/muvhaz.orlaihaz.mezobereny.hu\/index.php?rest_route=\/wp\/v2\/types\/post"}],"author":[{"embeddable":true,"href":"https:\/\/muvhaz.orlaihaz.mezobereny.hu\/index.php?rest_route=\/wp\/v2\/users\/2"}],"replies":[{"embeddable":true,"href":"https:\/\/muvhaz.orlaihaz.mezobereny.hu\/index.php?rest_route=%2Fwp%2Fv2%2Fcomments&post=39124"}],"version-history":[{"count":1,"href":"https:\/\/muvhaz.orlaihaz.mezobereny.hu\/index.php?rest_route=\/wp\/v2\/posts\/39124\/revisions"}],"predecessor-version":[{"id":39125,"href":"https:\/\/muvhaz.orlaihaz.mezobereny.hu\/index.php?rest_route=\/wp\/v2\/posts\/39124\/revisions\/39125"}],"wp:featuredmedia":[{"embeddable":true,"href":"https:\/\/muvhaz.orlaihaz.mezobereny.hu\/index.php?rest_route=\/wp\/v2\/media\/39126"}],"wp:attachment":[{"href":"https:\/\/muvhaz.orlaihaz.mezobereny.hu\/index.php?rest_route=%2Fwp%2Fv2%2Fmedia&parent=39124"}],"wp:term":[{"taxonomy":"category","embeddable":true,"href":"https:\/\/muvhaz.orlaihaz.mezobereny.hu\/index.php?rest_route=%2Fwp%2Fv2%2Fcategories&post=39124"},{"taxonomy":"post_tag","embeddable":true,"href":"https:\/\/muvhaz.orlaihaz.mezobereny.hu\/index.php?rest_route=%2Fwp%2Fv2%2Ftags&post=39124"}],"curies":[{"name":"wp","href":"https:\/\/api.w.org\/{rel}","templated":true}]}}