{"id":39316,"date":"2025-04-29T14:17:01","date_gmt":"2025-04-29T12:17:01","guid":{"rendered":"https:\/\/muvhaz.orlaihaz.mezobereny.hu\/?p=39316"},"modified":"2025-04-29T14:17:01","modified_gmt":"2025-04-29T12:17:01","slug":"zoldag-jaras-a-fold-napja-jegyeben-2","status":"publish","type":"post","link":"https:\/\/muvhaz.orlaihaz.mezobereny.hu\/?p=39316","title":{"rendered":"Z\u00f6ld\u00e1g-j\u00e1r\u00e1s a F\u00f6ld napja jegy\u00e9ben"},"content":{"rendered":"\n<p>A Mosolyg\u00f3 K\u00f6zponti \u00d3voda az Orlai h\u00e1zzal 2025. \u00e1prilis 28-\u00e1n \u2013 a F\u00f6ld napja jegy\u00e9ben \u2013tartotta meg jubileumi, tizedik z\u00f6ld\u00e1g-j\u00e1r\u00e1s\u00e1t. A szervez\u0151k ezzel a rendezv\u00e9nnyel bolyg\u00f3nk term\u00e9szeti kincseit \u00e9s sz\u00e9ps\u00e9g\u00e9t \u00fcnnepelt\u00e9k. A rendezv\u00e9ny 2019-ben ker\u00fclt be a telep\u00fcl\u00e9si \u00e9rt\u00e9kt\u00e1rba.&nbsp;<\/p>\n\n\n\n<p>A kicsik menete most az \u00f3vod\u00e1t\u00f3l indult a Ber\u00e9ny Sz\u00e1ll\u00f3 el\u00e9, a felvonul\u00e1st az Egeresi Lovasudvar k\u00e9t lovasa vezette. A Kossuth t\u00e9ren a megjelenteket Kreiszn\u00e9 Szil\u00e1gyi T\u00fcnde \u00f3vodavezet\u0151 k\u00f6sz\u00f6nt\u00f6tte, hangs\u00falyozta, h\u00e1romszoros Z\u00f6ld \u00d3vodak\u00e9nt fontosnak tartj\u00e1k a k\u00f6rnyezetv\u00e9delmet. A F\u00f6ld napi rendezv\u00e9ny\u00fcket el\u0151sz\u00f6r 2015-ben tartott\u00e1k meg, \u00edgy a sorban ez most a tizedik. M\u0171sort adtak az \u00f3vod\u00e1sok, majd Hevesi Imre zen\u00e9lt a gyerekeknek. A Cso\u00f3ri Program t\u00e1mogat\u00e1s\u00e1val bemutat\u00f3t tartott \u00e9s t\u00e1nch\u00e1zat adott a Ber\u00e9ny T\u00e1ncegy\u00fcttes, zen\u00e9lt a Ludas Zenekar. Az \u00f3v\u00f3n\u0151k a gyerekeket \u00fajrahasznos\u00edtott anyagok felhaszn\u00e1l\u00e1s\u00e1val \u00f6koj\u00e1tsz\u00f3h\u00e1zzal v\u00e1rt\u00e1k, az Orlai h\u00e1z munkat\u00e1rsai pedig k\u00e9zm\u0171ves foglalkoz\u00e1st tartottak, itt a gyerekek tavaszi pillang\u00f3t ragasztottak. A programot k\u00e9zm\u0171ves v\u00e1s\u00e1r sz\u00ednes\u00edtette.<\/p>\n\n\n\n<p>A szervez\u0151k enni- \u00e9s innival\u00f3r\u00f3l is gondosodtak. Az \u00f3v\u00f3n\u0151k a tag\u00f3voda nev\u00e9re utalva mosolyg\u00f3s keksszel, Vad\u00e1sz S\u00f6rkert 14-es Pubfood zs\u00edroskeny\u00e9rrel \u00e9s te\u00e1val k\u00edn\u00e1lta a r\u00e9sztvev\u0151ket.<\/p>\n\n\n\n<p><\/p>\n\n\n\n<p class=\"has-text-align-center\"><strong><a href=\"https:\/\/muvhaz.orlaihaz.mezobereny.hu\/index.php\/nggallery\/album\/zoldag-jaras-a-fold-napja-jegyeben-2025-aprilis-28?page_id=7899\" data-type=\"link\" data-id=\"https:\/\/muvhaz.orlaihaz.mezobereny.hu\/index.php\/nggallery\/album\/zoldag-jaras-a-fold-napja-jegyeben-2025-aprilis-28?page_id=7899\">GAL\u00c9RIA<\/a><\/strong><\/p>\n","protected":false},"excerpt":{"rendered":"<p>A Mosolyg\u00f3 K\u00f6zponti \u00d3voda az Orlai h\u00e1zzal 2025. \u00e1prilis 28-\u00e1n \u2013 a F\u00f6ld napja jegy\u00e9ben \u2013tartotta meg jubileumi, tizedik z\u00f6ld\u00e1g-j\u00e1r\u00e1s\u00e1t. A szervez\u0151k ezzel a rendezv\u00e9nnyel bolyg\u00f3nk term\u00e9szeti kincseit \u00e9s sz\u00e9ps\u00e9g\u00e9t [&hellip;]<\/p>\n","protected":false},"author":2,"featured_media":39318,"comment_status":"closed","ping_status":"open","sticky":false,"template":"","format":"standard","meta":{"site-sidebar-layout":"default","site-content-layout":"","ast-site-content-layout":"","site-content-style":"default","site-sidebar-style":"default","ast-global-header-display":"","ast-banner-title-visibility":"","ast-main-header-display":"","ast-hfb-above-header-display":"","ast-hfb-below-header-display":"","ast-hfb-mobile-header-display":"","site-post-title":"","ast-breadcrumbs-content":"","ast-featured-img":"","footer-sml-layout":"","theme-transparent-header-meta":"","adv-header-id-meta":"","stick-header-meta":"","header-above-stick-meta":"","header-main-stick-meta":"","header-below-stick-meta":"","astra-migrate-meta-layouts":"default","ast-page-background-enabled":"default","ast-page-background-meta":{"desktop":{"background-color":"var(--ast-global-color-4)","background-image":"","background-repeat":"repeat","background-position":"center center","background-size":"auto","background-attachment":"scroll","background-type":"","background-media":"","overlay-type":"","overlay-color":"","overlay-opacity":"","overlay-gradient":""},"tablet":{"background-color":"","background-image":"","background-repeat":"repeat","background-position":"center center","background-size":"auto","background-attachment":"scroll","background-type":"","background-media":"","overlay-type":"","overlay-color":"","overlay-opacity":"","overlay-gradient":""},"mobile":{"background-color":"","background-image":"","background-repeat":"repeat","background-position":"center center","background-size":"auto","background-attachment":"scroll","background-type":"","background-media":"","overlay-type":"","overlay-color":"","overlay-opacity":"","overlay-gradient":""}},"ast-content-background-meta":{"desktop":{"background-color":"var(--ast-global-color-5)","background-image":"","background-repeat":"repeat","background-position":"center center","background-size":"auto","background-attachment":"scroll","background-type":"","background-media":"","overlay-type":"","overlay-color":"","overlay-opacity":"","overlay-gradient":""},"tablet":{"background-color":"var(--ast-global-color-5)","background-image":"","background-repeat":"repeat","background-position":"center center","background-size":"auto","background-attachment":"scroll","background-type":"","background-media":"","overlay-type":"","overlay-color":"","overlay-opacity":"","overlay-gradient":""},"mobile":{"background-color":"var(--ast-global-color-5)","background-image":"","background-repeat":"repeat","background-position":"center center","background-size":"auto","background-attachment":"scroll","background-type":"","background-media":"","overlay-type":"","overlay-color":"","overlay-opacity":"","overlay-gradient":""}},"ngg_post_thumbnail":0,"footnotes":""},"categories":[1],"tags":[],"class_list":["post-39316","post","type-post","status-publish","format-standard","has-post-thumbnail","hentry"],"jetpack_featured_media_url":"https:\/\/muvhaz.orlaihaz.mezobereny.hu\/wp-content\/uploads\/sites\/2\/2025\/04\/OPS_0023_oh.jpg","_links":{"self":[{"href":"https:\/\/muvhaz.orlaihaz.mezobereny.hu\/index.php?rest_route=\/wp\/v2\/posts\/39316"}],"collection":[{"href":"https:\/\/muvhaz.orlaihaz.mezobereny.hu\/index.php?rest_route=\/wp\/v2\/posts"}],"about":[{"href":"https:\/\/muvhaz.orlaihaz.mezobereny.hu\/index.php?rest_route=\/wp\/v2\/types\/post"}],"author":[{"embeddable":true,"href":"https:\/\/muvhaz.orlaihaz.mezobereny.hu\/index.php?rest_route=\/wp\/v2\/users\/2"}],"replies":[{"embeddable":true,"href":"https:\/\/muvhaz.orlaihaz.mezobereny.hu\/index.php?rest_route=%2Fwp%2Fv2%2Fcomments&post=39316"}],"version-history":[{"count":1,"href":"https:\/\/muvhaz.orlaihaz.mezobereny.hu\/index.php?rest_route=\/wp\/v2\/posts\/39316\/revisions"}],"predecessor-version":[{"id":39317,"href":"https:\/\/muvhaz.orlaihaz.mezobereny.hu\/index.php?rest_route=\/wp\/v2\/posts\/39316\/revisions\/39317"}],"wp:featuredmedia":[{"embeddable":true,"href":"https:\/\/muvhaz.orlaihaz.mezobereny.hu\/index.php?rest_route=\/wp\/v2\/media\/39318"}],"wp:attachment":[{"href":"https:\/\/muvhaz.orlaihaz.mezobereny.hu\/index.php?rest_route=%2Fwp%2Fv2%2Fmedia&parent=39316"}],"wp:term":[{"taxonomy":"category","embeddable":true,"href":"https:\/\/muvhaz.orlaihaz.mezobereny.hu\/index.php?rest_route=%2Fwp%2Fv2%2Fcategories&post=39316"},{"taxonomy":"post_tag","embeddable":true,"href":"https:\/\/muvhaz.orlaihaz.mezobereny.hu\/index.php?rest_route=%2Fwp%2Fv2%2Ftags&post=39316"}],"curies":[{"name":"wp","href":"https:\/\/api.w.org\/{rel}","templated":true}]}}