{"id":39522,"date":"2025-05-15T18:44:06","date_gmt":"2025-05-15T16:44:06","guid":{"rendered":"https:\/\/muvhaz.orlaihaz.mezobereny.hu\/?p=39522"},"modified":"2025-05-16T08:32:25","modified_gmt":"2025-05-16T06:32:25","slug":"a-holokauszt-mezoberenyi-aldozataira-emlekeztek","status":"publish","type":"post","link":"https:\/\/muvhaz.orlaihaz.mezobereny.hu\/?p=39522","title":{"rendered":"A holokauszt mez\u0151ber\u00e9nyi \u00e1ldozataira eml\u00e9keztek"},"content":{"rendered":"\n<p>Az Orlai h\u00e1z szervez\u00e9s\u00e9ben 2025. m\u00e1jus 15-\u00e9n az muze\u00e1lis gy\u0171jtem\u00e9ny udvar\u00e1n eml\u00e9keztek meg a holokauszt mez\u0151ber\u00e9nyi \u00e1ldozatair\u00f3l.&nbsp; A helyi zsid\u00f3knak 81 \u00e9vvel ezel\u0151tt, 1944. m\u00e1jus 12-re kellett a k\u00e9nyszerlakhelyre, a gett\u00f3ba hurcolkodniuk.&nbsp;<\/p>\n\n\n\n<p>A megeml\u00e9kez\u00e9s kezdet\u00e9sre meg\u00e9rkezett az es\u0151 is, ez\u00e9rt a r\u00e9sztvev\u0151k az eresz al\u00e1 h\u00faz\u00f3dtak. Az esem\u00e9ny elej\u00e9n Farkas Istv\u00e1n L\u00e1szl\u00f3, a muze\u00e1lis gy\u0171jtem\u00e9ny munkat\u00e1rsa Radn\u00f3ti Mikl\u00f3s \u201eEr\u0151ltetett menet\u201d c\u00edm\u0171 vers\u00e9t szavalta el.<\/p>\n\n\n\n<p>Henger P\u00e9ter, a Mez\u0151ber\u00e9nyi Helyt\u00f6rt\u00e9neti \u00e9s T\u00e1jv\u00e9delmi Egyes\u00fclet eln\u00f6ke megeml\u00e9kez\u00e9s\u00e9ben felid\u00e9zte a mez\u0151ber\u00e9nyi zsid\u00f3k t\u00f6rt\u00e9net\u00e9t. Elmondta, hogy nagy r\u00e9sz\u00fck a 19. sz\u00e1zad k\u00f6zep\u00e9n \u00e9rkezett a telep\u00fcl\u00e9sre, fejlesztett\u00e9k a kereskedelmet, t\u00f6bb \u00fczemet alap\u00edtottak, vagy orvosk\u00e9nt, \u00fcgyv\u00e9dk\u00e9nt dolgoztak. L\u00e9tsz\u00e1muk az 1890-es \u00e9vek v\u00e9g\u00e9n volt a legt\u00f6bb, 319. Mint az eg\u00e9sz orsz\u00e1gban, az 1930-as \u00e9vekben Mez\u0151ber\u00e9nyben is megjelent az antiszemitizmus, 1942-t\u0151l munkaszolg\u00e1latra h\u00edvt\u00e1k be \u0151ket, majd 1944. \u00e1prilis\u00e1t\u00f3l k\u00f6telez\u0151 volt s\u00e1rga csillagot viselni\u00fck. Mintegy 150 mez\u0151ber\u00e9nyinek \u00e9s k\u00f6r\u00f6starcsainak kellett gett\u00f3ba vonulnia. K\u00f6z\u00fcl\u00fck csak ketten: Korda J\u00e1nos \u00e9s Szeg\u0151 Gy\u00f6rgy \u00e9lte t\u00fal a hal\u00e1lt\u00e1borok \u00e9s a koncentr\u00e1ci\u00f3s t\u00e1borok sz\u00f6rny\u0171s\u00e9geit, illetve m\u00e9g visszat\u00e9rtek n\u00e9h\u00e1nyan, akik kor\u00e1bban Budapestre menek\u00fcltek vagy munkaszolg\u00e1laton voltak. A nyilv\u00e1ntart\u00e1sok szerint 1949-ben m\u00e1r csak 14 zsid\u00f3 \u00e9lt a telep\u00fcl\u00e9sen, k\u00e9s\u0151bb \u0151k is elhagyt\u00e1k Ber\u00e9nyt. \u00a0<\/p>\n\n\n\n<p>Az esem\u00e9ny befejez\u00e9sek\u00e9nt a r\u00e9sztvev\u0151k a zsid\u00f3 eml\u00e9km\u0171n\u00e9l a megeml\u00e9kez\u00e9s k\u00f6veit helyezt\u00e9k el.<\/p>\n\n\n\n<p class=\"has-text-align-center\"><strong><a href=\"https:\/\/muvhaz.orlaihaz.mezobereny.hu\/?page_id=7899\">GAL\u00c9RIA<\/a><\/strong><\/p>\n","protected":false},"excerpt":{"rendered":"<p>Az Orlai h\u00e1z szervez\u00e9s\u00e9ben 2025. m\u00e1jus 15-\u00e9n az muze\u00e1lis gy\u0171jtem\u00e9ny udvar\u00e1n eml\u00e9keztek meg a holokauszt mez\u0151ber\u00e9nyi \u00e1ldozatair\u00f3l.&nbsp; A helyi zsid\u00f3knak 81 \u00e9vvel ezel\u0151tt, 1944. m\u00e1jus 12-re kellett a k\u00e9nyszerlakhelyre, a [&hellip;]<\/p>\n","protected":false},"author":2,"featured_media":39524,"comment_status":"closed","ping_status":"open","sticky":false,"template":"","format":"standard","meta":{"site-sidebar-layout":"default","site-content-layout":"","ast-site-content-layout":"","site-content-style":"default","site-sidebar-style":"default","ast-global-header-display":"","ast-banner-title-visibility":"","ast-main-header-display":"","ast-hfb-above-header-display":"","ast-hfb-below-header-display":"","ast-hfb-mobile-header-display":"","site-post-title":"","ast-breadcrumbs-content":"","ast-featured-img":"","footer-sml-layout":"","theme-transparent-header-meta":"","adv-header-id-meta":"","stick-header-meta":"","header-above-stick-meta":"","header-main-stick-meta":"","header-below-stick-meta":"","astra-migrate-meta-layouts":"default","ast-page-background-enabled":"default","ast-page-background-meta":{"desktop":{"background-color":"var(--ast-global-color-4)","background-image":"","background-repeat":"repeat","background-position":"center center","background-size":"auto","background-attachment":"scroll","background-type":"","background-media":"","overlay-type":"","overlay-color":"","overlay-opacity":"","overlay-gradient":""},"tablet":{"background-color":"","background-image":"","background-repeat":"repeat","background-position":"center center","background-size":"auto","background-attachment":"scroll","background-type":"","background-media":"","overlay-type":"","overlay-color":"","overlay-opacity":"","overlay-gradient":""},"mobile":{"background-color":"","background-image":"","background-repeat":"repeat","background-position":"center center","background-size":"auto","background-attachment":"scroll","background-type":"","background-media":"","overlay-type":"","overlay-color":"","overlay-opacity":"","overlay-gradient":""}},"ast-content-background-meta":{"desktop":{"background-color":"var(--ast-global-color-5)","background-image":"","background-repeat":"repeat","background-position":"center center","background-size":"auto","background-attachment":"scroll","background-type":"","background-media":"","overlay-type":"","overlay-color":"","overlay-opacity":"","overlay-gradient":""},"tablet":{"background-color":"var(--ast-global-color-5)","background-image":"","background-repeat":"repeat","background-position":"center center","background-size":"auto","background-attachment":"scroll","background-type":"","background-media":"","overlay-type":"","overlay-color":"","overlay-opacity":"","overlay-gradient":""},"mobile":{"background-color":"var(--ast-global-color-5)","background-image":"","background-repeat":"repeat","background-position":"center center","background-size":"auto","background-attachment":"scroll","background-type":"","background-media":"","overlay-type":"","overlay-color":"","overlay-opacity":"","overlay-gradient":""}},"ngg_post_thumbnail":0,"footnotes":""},"categories":[1],"tags":[],"class_list":["post-39522","post","type-post","status-publish","format-standard","has-post-thumbnail","hentry"],"jetpack_featured_media_url":"https:\/\/muvhaz.orlaihaz.mezobereny.hu\/wp-content\/uploads\/sites\/2\/2025\/05\/OPS_0013_oh.jpg","_links":{"self":[{"href":"https:\/\/muvhaz.orlaihaz.mezobereny.hu\/index.php?rest_route=\/wp\/v2\/posts\/39522"}],"collection":[{"href":"https:\/\/muvhaz.orlaihaz.mezobereny.hu\/index.php?rest_route=\/wp\/v2\/posts"}],"about":[{"href":"https:\/\/muvhaz.orlaihaz.mezobereny.hu\/index.php?rest_route=\/wp\/v2\/types\/post"}],"author":[{"embeddable":true,"href":"https:\/\/muvhaz.orlaihaz.mezobereny.hu\/index.php?rest_route=\/wp\/v2\/users\/2"}],"replies":[{"embeddable":true,"href":"https:\/\/muvhaz.orlaihaz.mezobereny.hu\/index.php?rest_route=%2Fwp%2Fv2%2Fcomments&post=39522"}],"version-history":[{"count":2,"href":"https:\/\/muvhaz.orlaihaz.mezobereny.hu\/index.php?rest_route=\/wp\/v2\/posts\/39522\/revisions"}],"predecessor-version":[{"id":39525,"href":"https:\/\/muvhaz.orlaihaz.mezobereny.hu\/index.php?rest_route=\/wp\/v2\/posts\/39522\/revisions\/39525"}],"wp:featuredmedia":[{"embeddable":true,"href":"https:\/\/muvhaz.orlaihaz.mezobereny.hu\/index.php?rest_route=\/wp\/v2\/media\/39524"}],"wp:attachment":[{"href":"https:\/\/muvhaz.orlaihaz.mezobereny.hu\/index.php?rest_route=%2Fwp%2Fv2%2Fmedia&parent=39522"}],"wp:term":[{"taxonomy":"category","embeddable":true,"href":"https:\/\/muvhaz.orlaihaz.mezobereny.hu\/index.php?rest_route=%2Fwp%2Fv2%2Fcategories&post=39522"},{"taxonomy":"post_tag","embeddable":true,"href":"https:\/\/muvhaz.orlaihaz.mezobereny.hu\/index.php?rest_route=%2Fwp%2Fv2%2Ftags&post=39522"}],"curies":[{"name":"wp","href":"https:\/\/api.w.org\/{rel}","templated":true}]}}