{"id":39547,"date":"2025-05-17T13:50:28","date_gmt":"2025-05-17T11:50:28","guid":{"rendered":"https:\/\/muvhaz.orlaihaz.mezobereny.hu\/?p=39547"},"modified":"2025-05-17T13:50:28","modified_gmt":"2025-05-17T11:50:28","slug":"xi-dalostalalkozo-2","status":"publish","type":"post","link":"https:\/\/muvhaz.orlaihaz.mezobereny.hu\/?p=39547","title":{"rendered":"XI. Dalostal\u00e1lkoz\u00f3"},"content":{"rendered":"<p>Szab\u00f3 Antalra \u00e9s Szab\u00f3 Antaln\u00e9ra egykori karvezet\u0151k eml\u00e9k\u00e9re az Orlai h\u00e1z 2025. m\u00e1jus 17-\u00e9n tartotta meg a XI. Dalostal\u00e1lkoz\u00f3t. Az int\u00e9zm\u00e9ny aul\u00e1j\u00e1ban, a falon elhelyezett eml\u00e9kt\u00e1bl\u00e1n\u00e1l egy-egy sz\u00e1l vir\u00e1ggal \u00e9s gyertyagy\u00fajt\u00e1ssal eml\u00e9keztek a k\u00e9t karvezet\u0151re.<\/p>\n<p>&nbsp;<\/p>\n<p>&nbsp;<\/p>\n<p>Kmetyk\u00f3 Istv\u00e1nn\u00e9, a Ber\u00e9nyi N\u00e9pdalk\u00f6r vezet\u0151je elmondta, az egy\u00fcttes l\u00e9trehoz\u00f3ira eml\u00e9keznek. \u00c9let\u00fck legfontosabb r\u00e9sz\u00e9t a zene \u00e9s a n\u00e9pzene tette ki. Zenekarukkal \u00e9s a n\u00e9pdalk\u00f6rrel az orsz\u00e1gban sokfel\u00e9 megfordultak, nem v\u00e9letlen, hogy t\u00f6bb elismer\u00e9sben is r\u00e9szes\u00fcltek.<\/p>\n<p>&nbsp;<\/p>\n<p>&nbsp;<\/p>\n<p>M\u00e1r a sz\u00ednh\u00e1zteremben Sikl\u00f3si Istv\u00e1n polg\u00e1rmester k\u00f6sz\u00f6nt\u0151j\u00e9ben megfogalmazta, k\u00e9t olyan szem\u00e9lyre eml\u00e9keznek, akik tan\u00e1rai, majd koll\u00e9g\u00e1i voltak. Antal b\u00e1csi tan\u00e9vnyit\u00f3kon \u00e9s \u00e9vz\u00e1r\u00f3kon gyakran mondott besz\u00e9det. Ezeken mindig J\u00f3zsef Attil\u00e1t id\u00e9zte: \u201e\u2026dolgozni csak pontosan, sz\u00e9pen,\/ ahogy a csillag megy az \u00e9gen,\/ ugy \u00e9rdemes.\u201e \u0150 val\u00f3ban \u00edgy \u00e9lt. Ir\u00e9nke n\u00e9ni j\u00f3 ked\u00e9ly\u0171 volt, a tantest\u00fcletben a neh\u00e9z helyzeteket egy-k\u00e9t kedves sz\u00f3val oldotta fel. \u0150k ketten szellemileg egybeforrtak, egy embert alkottak.<\/p>\n<p>&nbsp;<\/p>\n<p>&nbsp;<\/p>\n<p>A csoportok m\u0171sora el\u0151tt a Ber\u00e9ny T\u00e1ncegy\u00fcttes tartott bemutat\u00f3t.<\/p>\n<p>&nbsp;<\/p>\n<p>&nbsp;<\/p>\n<p>A tal\u00e1lkoz\u00f3ra 14 csoport \u00e9s k\u00e9t sz\u00f3lista nevezett, sz\u00ednpadra els\u0151k\u00e9nt a h\u00e1zigazda, a 48 \u00e9ve alakult Ber\u00e9nyi N\u00e9pdalk\u00f6r l\u00e9pett, \u0151ket k\u00f6vette a Csorv\u00e1si Nefelejcs N\u00e9pdalk\u00f6r, a Dobozi N\u00e9pdalk\u00f6r, a helyi Szlov\u00e1k P\u00e1vak\u00f6r, sz\u00f3listak\u00e9nt Horv\u00e1th Lajos, a t\u00farkevei<\/p>\n<p>Madar\u00e1sz K\u00e1roly N\u00e9pdalk\u00f6r tagja, a b\u00e9k\u00e9scsabai Strapce Citerazenekar, a B\u00e9k\u00e9scsabai Nefelejcs N\u00e9pdalk\u00f6r, a V\u00e9szt\u0151i Fon\u00f3 N\u00e9pzenei Egyes\u00fclet, a t\u00farkevei Madar\u00e1sz K\u00e1roly N\u00e9pdalk\u00f6r, a v\u00e9szt\u0151i Bart\u00f3k B\u00e9la N\u00e9pdalk\u00f6r, a szeghalmi S\u00e1rr\u00e9t N\u00e9pdalk\u00f6r, sz\u00f3listak\u00e9nt Kiss Ferenc Gyul\u00e1r\u00f3l, a fegyverneki Szap\u00e1ry N\u00e9pdalk\u00f6r \u00e9s Pacsirta Citerazenekar, az Ill\u00e9s Panna N\u00e9pdalk\u00f6r Gyul\u00e1r\u00f3l, a B\u00e9k\u00e9si Hagyom\u00e1ny\u0151rz\u0151 Dalk\u00f6r, a m\u0171sort a Csabacs\u0171d Hagyom\u00e1ny\u0151rz\u0151 Citerazenekar z\u00e1rta.<\/p>\n<p>&nbsp;<\/p>\n<p>&nbsp;<\/p>\n<p>A m\u0171sor ut\u00e1n a r\u00e9sztvev\u0151k a piaccsarnokban megeb\u00e9deltek, majd mulats\u00e1ggal fejez\u0151d\u00f6tt be a tal\u00e1lkoz\u00f3.<\/p>\n<p>&nbsp;<\/p>\n\n\n<p class=\"has-text-align-center\"><strong><a href=\"https:\/\/muvhaz.orlaihaz.mezobereny.hu\/index.php\/nggallery\/album\/xi-dalostalalkozo-2025-majus-17?page_id=7899\" data-type=\"link\" data-id=\"https:\/\/muvhaz.orlaihaz.mezobereny.hu\/index.php\/nggallery\/album\/xi-dalostalalkozo-2025-majus-17?page_id=7899\">GAL\u00c9RIA<\/a><\/strong><\/p>\n","protected":false},"excerpt":{"rendered":"<p>Szab\u00f3 Antalra \u00e9s Szab\u00f3 Antaln\u00e9ra egykori karvezet\u0151k eml\u00e9k\u00e9re az Orlai h\u00e1z 2025. m\u00e1jus 17-\u00e9n tartotta meg a XI. Dalostal\u00e1lkoz\u00f3t. Az int\u00e9zm\u00e9ny aul\u00e1j\u00e1ban, a falon elhelyezett eml\u00e9kt\u00e1bl\u00e1n\u00e1l egy-egy sz\u00e1l vir\u00e1ggal \u00e9s [&hellip;]<\/p>\n","protected":false},"author":2,"featured_media":39549,"comment_status":"closed","ping_status":"open","sticky":false,"template":"","format":"standard","meta":{"site-sidebar-layout":"default","site-content-layout":"","ast-site-content-layout":"","site-content-style":"default","site-sidebar-style":"default","ast-global-header-display":"","ast-banner-title-visibility":"","ast-main-header-display":"","ast-hfb-above-header-display":"","ast-hfb-below-header-display":"","ast-hfb-mobile-header-display":"","site-post-title":"","ast-breadcrumbs-content":"","ast-featured-img":"","footer-sml-layout":"","theme-transparent-header-meta":"","adv-header-id-meta":"","stick-header-meta":"","header-above-stick-meta":"","header-main-stick-meta":"","header-below-stick-meta":"","astra-migrate-meta-layouts":"default","ast-page-background-enabled":"default","ast-page-background-meta":{"desktop":{"background-color":"var(--ast-global-color-4)","background-image":"","background-repeat":"repeat","background-position":"center center","background-size":"auto","background-attachment":"scroll","background-type":"","background-media":"","overlay-type":"","overlay-color":"","overlay-opacity":"","overlay-gradient":""},"tablet":{"background-color":"","background-image":"","background-repeat":"repeat","background-position":"center center","background-size":"auto","background-attachment":"scroll","background-type":"","background-media":"","overlay-type":"","overlay-color":"","overlay-opacity":"","overlay-gradient":""},"mobile":{"background-color":"","background-image":"","background-repeat":"repeat","background-position":"center center","background-size":"auto","background-attachment":"scroll","background-type":"","background-media":"","overlay-type":"","overlay-color":"","overlay-opacity":"","overlay-gradient":""}},"ast-content-background-meta":{"desktop":{"background-color":"var(--ast-global-color-5)","background-image":"","background-repeat":"repeat","background-position":"center center","background-size":"auto","background-attachment":"scroll","background-type":"","background-media":"","overlay-type":"","overlay-color":"","overlay-opacity":"","overlay-gradient":""},"tablet":{"background-color":"var(--ast-global-color-5)","background-image":"","background-repeat":"repeat","background-position":"center center","background-size":"auto","background-attachment":"scroll","background-type":"","background-media":"","overlay-type":"","overlay-color":"","overlay-opacity":"","overlay-gradient":""},"mobile":{"background-color":"var(--ast-global-color-5)","background-image":"","background-repeat":"repeat","background-position":"center center","background-size":"auto","background-attachment":"scroll","background-type":"","background-media":"","overlay-type":"","overlay-color":"","overlay-opacity":"","overlay-gradient":""}},"ngg_post_thumbnail":0,"footnotes":""},"categories":[1],"tags":[],"class_list":["post-39547","post","type-post","status-publish","format-standard","has-post-thumbnail","hentry"],"jetpack_featured_media_url":"https:\/\/muvhaz.orlaihaz.mezobereny.hu\/wp-content\/uploads\/sites\/2\/2025\/05\/OPS_0017_oh.jpg","_links":{"self":[{"href":"https:\/\/muvhaz.orlaihaz.mezobereny.hu\/index.php?rest_route=\/wp\/v2\/posts\/39547"}],"collection":[{"href":"https:\/\/muvhaz.orlaihaz.mezobereny.hu\/index.php?rest_route=\/wp\/v2\/posts"}],"about":[{"href":"https:\/\/muvhaz.orlaihaz.mezobereny.hu\/index.php?rest_route=\/wp\/v2\/types\/post"}],"author":[{"embeddable":true,"href":"https:\/\/muvhaz.orlaihaz.mezobereny.hu\/index.php?rest_route=\/wp\/v2\/users\/2"}],"replies":[{"embeddable":true,"href":"https:\/\/muvhaz.orlaihaz.mezobereny.hu\/index.php?rest_route=%2Fwp%2Fv2%2Fcomments&post=39547"}],"version-history":[{"count":1,"href":"https:\/\/muvhaz.orlaihaz.mezobereny.hu\/index.php?rest_route=\/wp\/v2\/posts\/39547\/revisions"}],"predecessor-version":[{"id":39548,"href":"https:\/\/muvhaz.orlaihaz.mezobereny.hu\/index.php?rest_route=\/wp\/v2\/posts\/39547\/revisions\/39548"}],"wp:featuredmedia":[{"embeddable":true,"href":"https:\/\/muvhaz.orlaihaz.mezobereny.hu\/index.php?rest_route=\/wp\/v2\/media\/39549"}],"wp:attachment":[{"href":"https:\/\/muvhaz.orlaihaz.mezobereny.hu\/index.php?rest_route=%2Fwp%2Fv2%2Fmedia&parent=39547"}],"wp:term":[{"taxonomy":"category","embeddable":true,"href":"https:\/\/muvhaz.orlaihaz.mezobereny.hu\/index.php?rest_route=%2Fwp%2Fv2%2Fcategories&post=39547"},{"taxonomy":"post_tag","embeddable":true,"href":"https:\/\/muvhaz.orlaihaz.mezobereny.hu\/index.php?rest_route=%2Fwp%2Fv2%2Ftags&post=39547"}],"curies":[{"name":"wp","href":"https:\/\/api.w.org\/{rel}","templated":true}]}}