{"id":39620,"date":"2025-05-26T15:22:19","date_gmt":"2025-05-26T13:22:19","guid":{"rendered":"https:\/\/muvhaz.orlaihaz.mezobereny.hu\/?p=39620"},"modified":"2025-05-26T15:22:19","modified_gmt":"2025-05-26T13:22:19","slug":"a-szakkor-kiallitasai","status":"publish","type":"post","link":"https:\/\/muvhaz.orlaihaz.mezobereny.hu\/?p=39620","title":{"rendered":"A Szakk\u00f6r ki\u00e1ll\u00edt\u00e1sai"},"content":{"rendered":"<p>Az Orlai h\u00e1z \u00f6t k\u00e9zm\u0171ves csoportja ki\u00e1ll\u00edt\u00e1son mutatkozott be 2025. m\u00e1jus 21-\u00e9n az int\u00e9zm\u00e9ny aul\u00e1j\u00e1ban. K\u00e9t k\u00f6z\u00f6ss\u00e9get: a csipkever\u0151ket Hern\u00e1di Mih\u00e1lyn\u00e9 vezet\u00e9s\u00e9vel, illetve a Varj\u00fa Ir\u00e9n vezette kezd\u0151 \u00e9s halad\u00f3 makram\u00e9 tanfolyamot a Nemzeti M\u0171vel\u0151d\u00e9si Int\u00e9zet \u201eA Szakk\u00f6r\u201d programja t\u00e1mogatta. Ez inspir\u00e1lta a gyertyak\u00e9sz\u00edt\u0151 foglalkoz\u00e1st Feh\u00e9r L\u00e1szl\u00f3 vezet\u00e9s\u00e9vel, a Leczk\u00e9si Anita vezette nat\u00farkozmetikai szakk\u00f6rt \u00e9s a nemezel\u0151 tanfolyamot, ez ut\u00f3bbit Adamik J\u00e1nosn\u00e9 koordin\u00e1lta.<\/p>\n<p>&nbsp;<\/p>\n<p>A t\u00e1rlatot Lipt\u00e1k-Bel\u00e9nyi Barbara, a Nemzeti M\u0171vel\u0151d\u00e9si Int\u00e9zet B\u00e9k\u00e9s V\u00e1rmegyei Igazgat\u00f3s\u00e1g\u00e1nak m\u00f3dszertani referense nyitotta meg, hangoztatta, hogy m\u00e1r ismer\u0151sk\u00e9nt \u00e9rkezett Mez\u0151ber\u00e9nybe, hiszen t\u00f6bb mint 10 \u00e9ve dolgozik egy\u00fctt a ber\u00e9nyi szakmai feladatell\u00e1t\u00e1s\u00e9rt felel\u0151s koll\u00e9g\u00e1kkal. A leg\u00fajabb&nbsp; &#8211; az \u201eA Szakk\u00f6r\u00f6n\u201d k\u00edv\u00fcl -, a Pet\u0151fi Kultur\u00e1lis Program, melynek keret\u00e9ben h\u00fasv\u00e9tkor szem\u00e9lyesen vett r\u00e9szt azon a hagyom\u00e1ny\u0151rz\u0151 rendezv\u00e9nyen, ahol t\u00f6bbek k\u00f6z\u00f6tt a Hungarikum J\u00e1t\u00e9kt\u00e9r mutatkozott be a l\u00e1togat\u00f3knak az Orlai h\u00e1zban.<\/p>\n<p>&nbsp;<\/p>\n<p>A szakk\u00f6rvezet\u0151knek \u00e9s a tagoknak T\u00fari Andrea, az int\u00e9zm\u00e9ny igazgat\u00f3ja k\u00f6sz\u00f6nte meg eg\u00e9sz \u00e9ves munk\u00e1jukat \u00e9s elmondta, hogy \u0151sszel valamennyi eddigi szakk\u00f6r folytat\u00e1sa a c\u00e9ljuk.<\/p>\n<p>&nbsp;<\/p>\n<p>Az esem\u00e9nyen \u00e9nekkel \u00e9s verssel k\u00f6zrem\u0171k\u00f6d\u00f6tt Szab\u00f3 Krisztina \u00e9s Gazs\u00f3 B\u00e1lint, a Csabai Sz\u00ednist\u00fadi\u00f3 n\u00f6vend\u00e9kei.<\/p>\n<p>&nbsp;<\/p>\n<p>A ki\u00e1ll\u00edt\u00e1s megtekinthet\u0151 \u2013 az int\u00e9zm\u00e9ny nyitvatart\u00e1si idej\u00e9ben \u2013 2025. j\u00fanius 11-ig. &nbsp;<\/p>\n<p>&nbsp;<\/p>\n\n\n<p class=\"has-text-align-center\"><strong><a href=\"https:\/\/muvhaz.orlaihaz.mezobereny.hu\/index.php\/nggallery\/album\/a-szakkor-kiallitasai-2025-majus-21?page_id=7899\">GAL\u00c9RIA<\/a><\/strong><\/p>\n","protected":false},"excerpt":{"rendered":"<p>Az Orlai h\u00e1z \u00f6t k\u00e9zm\u0171ves csoportja ki\u00e1ll\u00edt\u00e1son mutatkozott be 2025. m\u00e1jus 21-\u00e9n az int\u00e9zm\u00e9ny aul\u00e1j\u00e1ban. K\u00e9t k\u00f6z\u00f6ss\u00e9get: a csipkever\u0151ket Hern\u00e1di Mih\u00e1lyn\u00e9 vezet\u00e9s\u00e9vel, illetve a Varj\u00fa Ir\u00e9n vezette kezd\u0151 \u00e9s halad\u00f3 [&hellip;]<\/p>\n","protected":false},"author":2,"featured_media":39622,"comment_status":"closed","ping_status":"open","sticky":false,"template":"","format":"standard","meta":{"site-sidebar-layout":"default","site-content-layout":"","ast-site-content-layout":"","site-content-style":"default","site-sidebar-style":"default","ast-global-header-display":"","ast-banner-title-visibility":"","ast-main-header-display":"","ast-hfb-above-header-display":"","ast-hfb-below-header-display":"","ast-hfb-mobile-header-display":"","site-post-title":"","ast-breadcrumbs-content":"","ast-featured-img":"","footer-sml-layout":"","theme-transparent-header-meta":"","adv-header-id-meta":"","stick-header-meta":"","header-above-stick-meta":"","header-main-stick-meta":"","header-below-stick-meta":"","astra-migrate-meta-layouts":"default","ast-page-background-enabled":"default","ast-page-background-meta":{"desktop":{"background-color":"var(--ast-global-color-4)","background-image":"","background-repeat":"repeat","background-position":"center center","background-size":"auto","background-attachment":"scroll","background-type":"","background-media":"","overlay-type":"","overlay-color":"","overlay-opacity":"","overlay-gradient":""},"tablet":{"background-color":"","background-image":"","background-repeat":"repeat","background-position":"center center","background-size":"auto","background-attachment":"scroll","background-type":"","background-media":"","overlay-type":"","overlay-color":"","overlay-opacity":"","overlay-gradient":""},"mobile":{"background-color":"","background-image":"","background-repeat":"repeat","background-position":"center center","background-size":"auto","background-attachment":"scroll","background-type":"","background-media":"","overlay-type":"","overlay-color":"","overlay-opacity":"","overlay-gradient":""}},"ast-content-background-meta":{"desktop":{"background-color":"var(--ast-global-color-5)","background-image":"","background-repeat":"repeat","background-position":"center center","background-size":"auto","background-attachment":"scroll","background-type":"","background-media":"","overlay-type":"","overlay-color":"","overlay-opacity":"","overlay-gradient":""},"tablet":{"background-color":"var(--ast-global-color-5)","background-image":"","background-repeat":"repeat","background-position":"center center","background-size":"auto","background-attachment":"scroll","background-type":"","background-media":"","overlay-type":"","overlay-color":"","overlay-opacity":"","overlay-gradient":""},"mobile":{"background-color":"var(--ast-global-color-5)","background-image":"","background-repeat":"repeat","background-position":"center center","background-size":"auto","background-attachment":"scroll","background-type":"","background-media":"","overlay-type":"","overlay-color":"","overlay-opacity":"","overlay-gradient":""}},"ngg_post_thumbnail":0,"footnotes":""},"categories":[1],"tags":[],"class_list":["post-39620","post","type-post","status-publish","format-standard","has-post-thumbnail","hentry"],"jetpack_featured_media_url":"https:\/\/muvhaz.orlaihaz.mezobereny.hu\/wp-content\/uploads\/sites\/2\/2025\/05\/255-A-Szakkor-kiallitasmegnyito-az-Orlai-Hazban-2025.05.21.-YouTube-Google-Chrome_16_oh.jpg","_links":{"self":[{"href":"https:\/\/muvhaz.orlaihaz.mezobereny.hu\/index.php?rest_route=\/wp\/v2\/posts\/39620"}],"collection":[{"href":"https:\/\/muvhaz.orlaihaz.mezobereny.hu\/index.php?rest_route=\/wp\/v2\/posts"}],"about":[{"href":"https:\/\/muvhaz.orlaihaz.mezobereny.hu\/index.php?rest_route=\/wp\/v2\/types\/post"}],"author":[{"embeddable":true,"href":"https:\/\/muvhaz.orlaihaz.mezobereny.hu\/index.php?rest_route=\/wp\/v2\/users\/2"}],"replies":[{"embeddable":true,"href":"https:\/\/muvhaz.orlaihaz.mezobereny.hu\/index.php?rest_route=%2Fwp%2Fv2%2Fcomments&post=39620"}],"version-history":[{"count":1,"href":"https:\/\/muvhaz.orlaihaz.mezobereny.hu\/index.php?rest_route=\/wp\/v2\/posts\/39620\/revisions"}],"predecessor-version":[{"id":39621,"href":"https:\/\/muvhaz.orlaihaz.mezobereny.hu\/index.php?rest_route=\/wp\/v2\/posts\/39620\/revisions\/39621"}],"wp:featuredmedia":[{"embeddable":true,"href":"https:\/\/muvhaz.orlaihaz.mezobereny.hu\/index.php?rest_route=\/wp\/v2\/media\/39622"}],"wp:attachment":[{"href":"https:\/\/muvhaz.orlaihaz.mezobereny.hu\/index.php?rest_route=%2Fwp%2Fv2%2Fmedia&parent=39620"}],"wp:term":[{"taxonomy":"category","embeddable":true,"href":"https:\/\/muvhaz.orlaihaz.mezobereny.hu\/index.php?rest_route=%2Fwp%2Fv2%2Fcategories&post=39620"},{"taxonomy":"post_tag","embeddable":true,"href":"https:\/\/muvhaz.orlaihaz.mezobereny.hu\/index.php?rest_route=%2Fwp%2Fv2%2Ftags&post=39620"}],"curies":[{"name":"wp","href":"https:\/\/api.w.org\/{rel}","templated":true}]}}