{"id":39738,"date":"2025-06-14T17:25:00","date_gmt":"2025-06-14T15:25:00","guid":{"rendered":"https:\/\/muvhaz.orlaihaz.mezobereny.hu\/?p=39738"},"modified":"2025-06-14T17:25:00","modified_gmt":"2025-06-14T15:25:00","slug":"a-harmadik-evadzaro-tarlat","status":"publish","type":"post","link":"https:\/\/muvhaz.orlaihaz.mezobereny.hu\/?p=39738","title":{"rendered":"A harmadik \u00e9vadz\u00e1r\u00f3 t\u00e1rlat"},"content":{"rendered":"\n<p>Az Orlai h\u00e1z Feln\u0151tt Amat\u0151r K\u00e9pz\u0151m\u0171v\u00e9szeti K\u00f6re tizenk\u00e9t alkot\u00f3j\u00e1nak \u00e9vadz\u00e1r\u00f3 ki\u00e1ll\u00edt\u00e1s\u00e1t 2025. j\u00fanius 14-\u00e9n a csoport vezet\u0151je, Papp Zolt\u00e1n k\u00e9pgrafikus, m\u0171v\u00e9sztan\u00e1r nyitotta meg.<\/p>\n\n\n\n<p>Hangoztatta, az int\u00e9zm\u00e9nyben p\u00e9ntek d\u00e9lut\u00e1nonk\u00e9nt 12 feln\u0151tt alkot\u00f3 tal\u00e1lkozik, hogy az eg\u00e9sz heti m\u00f3kusker\u00e9k ut\u00e1n v\u00e9gre a k\u00e9pz\u0151m\u0171v\u00e9szettel foglalkozzon. A rajzol\u00e1s fest\u00e9s mellett a vizualit\u00e1sr\u00f3l is besz\u00e9lgetnek. H\u00e1rom esztend\u0151vel ezel\u0151tt \u00fagy gondolt\u00e1k, el\u00e9g nagy a telep\u00fcl\u00e9s n\u00e9pess\u00e9ge ahhoz, hogy a vizualit\u00e1s ir\u00e1nt \u00e9rdekl\u0151d\u0151k k\u00e9pesek legyenek m\u0171k\u00f6dtetni egy k\u00e9pz\u0151m\u0171v\u00e9szeti k\u00f6rt. \u00cdgy lehet\u0151s\u00e9get adnak arra, hogy e ter\u00fcleten m\u0171velj\u00e9k magukat.<\/p>\n\n\n\n<p>Papp Zolt\u00e1n valamennyi alkot\u00f3t \u00e9s ki\u00e1ll\u00edtott munk\u00e1it jellemzett n\u00e9h\u00e1ny mondatban. A ki\u00e1ll\u00edt\u00e1son megtekinthet\u0151ek Bata Em\u00edlia, Kara Nelli, Kara Zsigmond, Lajk\u00f3 Hanna, Magasi Bendeg\u00faz, Ol\u00e1h Barbara, \u00d6tv\u00f6s Alexandra Papp Zolt\u00e1n, Pint\u00e9r Orsolya, S\u00edk-Beh\u00e1n Erika, S\u00edk Luca \u00e9s Szil\u00e1gyi Mikl\u00f3s alkot\u00e1sai.<\/p>\n\n\n\n<p>K\u00e9t \u00e9nekkel k\u00f6zrem\u0171k\u00f6d\u00f6tt Makra P\u00e9ter.<\/p>\n\n\n\n<p>A t\u00e1rlat megtekinthet\u0151 2025. j\u00falius 5-ig az int\u00e9zm\u00e9ny nyitvatart\u00e1si idej\u00e9ben.<\/p>\n\n\n\n<p class=\"has-text-align-center\"><strong><a href=\"https:\/\/muvhaz.orlaihaz.mezobereny.hu\/index.php\/nggallery\/album\/evadzaro-tarlat-2025-junius-14?page_id=7899\">GAL\u00c9RIA<\/a><\/strong><\/p>\n","protected":false},"excerpt":{"rendered":"<p>Az Orlai h\u00e1z Feln\u0151tt Amat\u0151r K\u00e9pz\u0151m\u0171v\u00e9szeti K\u00f6re tizenk\u00e9t alkot\u00f3j\u00e1nak \u00e9vadz\u00e1r\u00f3 ki\u00e1ll\u00edt\u00e1s\u00e1t 2025. j\u00fanius 14-\u00e9n a csoport vezet\u0151je, Papp Zolt\u00e1n k\u00e9pgrafikus, m\u0171v\u00e9sztan\u00e1r nyitotta meg. Hangoztatta, az int\u00e9zm\u00e9nyben p\u00e9ntek d\u00e9lut\u00e1nonk\u00e9nt 12 feln\u0151tt [&hellip;]<\/p>\n","protected":false},"author":2,"featured_media":39740,"comment_status":"closed","ping_status":"open","sticky":false,"template":"","format":"standard","meta":{"site-sidebar-layout":"default","site-content-layout":"","ast-site-content-layout":"","site-content-style":"default","site-sidebar-style":"default","ast-global-header-display":"","ast-banner-title-visibility":"","ast-main-header-display":"","ast-hfb-above-header-display":"","ast-hfb-below-header-display":"","ast-hfb-mobile-header-display":"","site-post-title":"","ast-breadcrumbs-content":"","ast-featured-img":"","footer-sml-layout":"","theme-transparent-header-meta":"","adv-header-id-meta":"","stick-header-meta":"","header-above-stick-meta":"","header-main-stick-meta":"","header-below-stick-meta":"","astra-migrate-meta-layouts":"default","ast-page-background-enabled":"default","ast-page-background-meta":{"desktop":{"background-color":"var(--ast-global-color-4)","background-image":"","background-repeat":"repeat","background-position":"center center","background-size":"auto","background-attachment":"scroll","background-type":"","background-media":"","overlay-type":"","overlay-color":"","overlay-opacity":"","overlay-gradient":""},"tablet":{"background-color":"","background-image":"","background-repeat":"repeat","background-position":"center center","background-size":"auto","background-attachment":"scroll","background-type":"","background-media":"","overlay-type":"","overlay-color":"","overlay-opacity":"","overlay-gradient":""},"mobile":{"background-color":"","background-image":"","background-repeat":"repeat","background-position":"center center","background-size":"auto","background-attachment":"scroll","background-type":"","background-media":"","overlay-type":"","overlay-color":"","overlay-opacity":"","overlay-gradient":""}},"ast-content-background-meta":{"desktop":{"background-color":"var(--ast-global-color-5)","background-image":"","background-repeat":"repeat","background-position":"center center","background-size":"auto","background-attachment":"scroll","background-type":"","background-media":"","overlay-type":"","overlay-color":"","overlay-opacity":"","overlay-gradient":""},"tablet":{"background-color":"var(--ast-global-color-5)","background-image":"","background-repeat":"repeat","background-position":"center center","background-size":"auto","background-attachment":"scroll","background-type":"","background-media":"","overlay-type":"","overlay-color":"","overlay-opacity":"","overlay-gradient":""},"mobile":{"background-color":"var(--ast-global-color-5)","background-image":"","background-repeat":"repeat","background-position":"center center","background-size":"auto","background-attachment":"scroll","background-type":"","background-media":"","overlay-type":"","overlay-color":"","overlay-opacity":"","overlay-gradient":""}},"ngg_post_thumbnail":0,"footnotes":""},"categories":[1],"tags":[],"class_list":["post-39738","post","type-post","status-publish","format-standard","has-post-thumbnail","hentry"],"jetpack_featured_media_url":"https:\/\/muvhaz.orlaihaz.mezobereny.hu\/wp-content\/uploads\/sites\/2\/2025\/06\/OPS_0068_oh.jpg","_links":{"self":[{"href":"https:\/\/muvhaz.orlaihaz.mezobereny.hu\/index.php?rest_route=\/wp\/v2\/posts\/39738"}],"collection":[{"href":"https:\/\/muvhaz.orlaihaz.mezobereny.hu\/index.php?rest_route=\/wp\/v2\/posts"}],"about":[{"href":"https:\/\/muvhaz.orlaihaz.mezobereny.hu\/index.php?rest_route=\/wp\/v2\/types\/post"}],"author":[{"embeddable":true,"href":"https:\/\/muvhaz.orlaihaz.mezobereny.hu\/index.php?rest_route=\/wp\/v2\/users\/2"}],"replies":[{"embeddable":true,"href":"https:\/\/muvhaz.orlaihaz.mezobereny.hu\/index.php?rest_route=%2Fwp%2Fv2%2Fcomments&post=39738"}],"version-history":[{"count":1,"href":"https:\/\/muvhaz.orlaihaz.mezobereny.hu\/index.php?rest_route=\/wp\/v2\/posts\/39738\/revisions"}],"predecessor-version":[{"id":39739,"href":"https:\/\/muvhaz.orlaihaz.mezobereny.hu\/index.php?rest_route=\/wp\/v2\/posts\/39738\/revisions\/39739"}],"wp:featuredmedia":[{"embeddable":true,"href":"https:\/\/muvhaz.orlaihaz.mezobereny.hu\/index.php?rest_route=\/wp\/v2\/media\/39740"}],"wp:attachment":[{"href":"https:\/\/muvhaz.orlaihaz.mezobereny.hu\/index.php?rest_route=%2Fwp%2Fv2%2Fmedia&parent=39738"}],"wp:term":[{"taxonomy":"category","embeddable":true,"href":"https:\/\/muvhaz.orlaihaz.mezobereny.hu\/index.php?rest_route=%2Fwp%2Fv2%2Fcategories&post=39738"},{"taxonomy":"post_tag","embeddable":true,"href":"https:\/\/muvhaz.orlaihaz.mezobereny.hu\/index.php?rest_route=%2Fwp%2Fv2%2Ftags&post=39738"}],"curies":[{"name":"wp","href":"https:\/\/api.w.org\/{rel}","templated":true}]}}