{"id":40034,"date":"2025-07-07T14:37:43","date_gmt":"2025-07-07T12:37:43","guid":{"rendered":"https:\/\/muvhaz.orlaihaz.mezobereny.hu\/?p=40034"},"modified":"2025-07-07T14:37:43","modified_gmt":"2025-07-07T12:37:43","slug":"konyvmoly-tabor-2025-07-07","status":"publish","type":"post","link":"https:\/\/muvhaz.orlaihaz.mezobereny.hu\/?p=40034","title":{"rendered":"K\u00f6nyvmoly t\u00e1bor 2025.07.07."},"content":{"rendered":"\n<p>K\u00f6nyvmolyosok els\u0151 napja a t\u00e1borban<br>Az Orlai h\u00e1z id\u00e9n is megrendezi a K\u00f6nyvmoly T\u00e1bort 2025. j\u00falius 7 &#8211; 11. k\u00f6z\u00f6tt. Az els\u0151 napon, vagyis h\u00e9tf\u0151n d\u00e9lel\u0151tt a gyerekek a mez\u0151ber\u00e9nyi v\u00e1rosi k\u00f6nyvt\u00e1rral ismerkedtek, a szab\u00e1lyokkal, melyekkel j\u00f3, ha tiszt\u00e1ban vannak \u00e9s egy j\u00e1t\u00e9kos k\u00f6nyvkeres\u0151 feladaton kereszt\u00fcl tesztelhett\u00e9k tud\u00e1sukat arr\u00f3l, mit-hol tal\u00e1lnak meg. Az eb\u00e9d ut\u00e1ni mesefilm n\u00e9z\u00e9s\u00e9t a n\u00e9pmes\u00e9k vil\u00e1ga v\u00e1ltotta fel. A t\u00e9m\u00e1ban fejtettek keresztrejtv\u00e9nyt, n\u00e9pmese-kv\u00edzt \u00e9s feladat volt m\u00e9g egy &#8222;\u00f6sszekevert mese sorba rendez\u00e9se&#8221; is.<\/p>\n\n\n\n<figure class=\"wp-block-image size-large is-resized\"><img fetchpriority=\"high\" decoding=\"async\" width=\"1024\" height=\"683\" src=\"https:\/\/muvhaz.orlaihaz.mezobereny.hu\/wp-content\/uploads\/sites\/2\/2025\/07\/OPS_0012_oh-1024x683.jpg\" alt=\"\" class=\"wp-image-40035\" style=\"width:745px;height:auto\" srcset=\"https:\/\/muvhaz.orlaihaz.mezobereny.hu\/wp-content\/uploads\/sites\/2\/2025\/07\/OPS_0012_oh-1024x683.jpg 1024w, https:\/\/muvhaz.orlaihaz.mezobereny.hu\/wp-content\/uploads\/sites\/2\/2025\/07\/OPS_0012_oh-300x200.jpg 300w, https:\/\/muvhaz.orlaihaz.mezobereny.hu\/wp-content\/uploads\/sites\/2\/2025\/07\/OPS_0012_oh-768x512.jpg 768w, https:\/\/muvhaz.orlaihaz.mezobereny.hu\/wp-content\/uploads\/sites\/2\/2025\/07\/OPS_0012_oh.jpg 1484w\" sizes=\"(max-width: 1024px) 100vw, 1024px\" \/><\/figure>\n\n\n\n<p class=\"has-text-align-center\"><strong><a href=\"https:\/\/muvhaz.orlaihaz.mezobereny.hu\/index.php\/nggallery\/album\/konyvmoly-tabor-2025-07-07?page_id=32023https:\/\/muvhaz.orlaihaz.mezobereny.hu\/index.php\/nggallery\/album\/konyvmoly-tabor-2025-07-07?page_id=32023\">GAL\u00c9RIA<\/a><\/strong><\/p>\n","protected":false},"excerpt":{"rendered":"<p>K\u00f6nyvmolyosok els\u0151 napja a t\u00e1borbanAz Orlai h\u00e1z id\u00e9n is megrendezi a K\u00f6nyvmoly T\u00e1bort 2025. j\u00falius 7 &#8211; 11. k\u00f6z\u00f6tt. Az els\u0151 napon, vagyis h\u00e9tf\u0151n d\u00e9lel\u0151tt a gyerekek a mez\u0151ber\u00e9nyi v\u00e1rosi [&hellip;]<\/p>\n","protected":false},"author":1,"featured_media":40035,"comment_status":"closed","ping_status":"open","sticky":false,"template":"","format":"standard","meta":{"site-sidebar-layout":"default","site-content-layout":"","ast-site-content-layout":"","site-content-style":"default","site-sidebar-style":"default","ast-global-header-display":"","ast-banner-title-visibility":"","ast-main-header-display":"","ast-hfb-above-header-display":"","ast-hfb-below-header-display":"","ast-hfb-mobile-header-display":"","site-post-title":"","ast-breadcrumbs-content":"","ast-featured-img":"","footer-sml-layout":"","theme-transparent-header-meta":"","adv-header-id-meta":"","stick-header-meta":"","header-above-stick-meta":"","header-main-stick-meta":"","header-below-stick-meta":"","astra-migrate-meta-layouts":"default","ast-page-background-enabled":"default","ast-page-background-meta":{"desktop":{"background-color":"var(--ast-global-color-4)","background-image":"","background-repeat":"repeat","background-position":"center center","background-size":"auto","background-attachment":"scroll","background-type":"","background-media":"","overlay-type":"","overlay-color":"","overlay-opacity":"","overlay-gradient":""},"tablet":{"background-color":"","background-image":"","background-repeat":"repeat","background-position":"center center","background-size":"auto","background-attachment":"scroll","background-type":"","background-media":"","overlay-type":"","overlay-color":"","overlay-opacity":"","overlay-gradient":""},"mobile":{"background-color":"","background-image":"","background-repeat":"repeat","background-position":"center center","background-size":"auto","background-attachment":"scroll","background-type":"","background-media":"","overlay-type":"","overlay-color":"","overlay-opacity":"","overlay-gradient":""}},"ast-content-background-meta":{"desktop":{"background-color":"var(--ast-global-color-5)","background-image":"","background-repeat":"repeat","background-position":"center center","background-size":"auto","background-attachment":"scroll","background-type":"","background-media":"","overlay-type":"","overlay-color":"","overlay-opacity":"","overlay-gradient":""},"tablet":{"background-color":"var(--ast-global-color-5)","background-image":"","background-repeat":"repeat","background-position":"center center","background-size":"auto","background-attachment":"scroll","background-type":"","background-media":"","overlay-type":"","overlay-color":"","overlay-opacity":"","overlay-gradient":""},"mobile":{"background-color":"var(--ast-global-color-5)","background-image":"","background-repeat":"repeat","background-position":"center center","background-size":"auto","background-attachment":"scroll","background-type":"","background-media":"","overlay-type":"","overlay-color":"","overlay-opacity":"","overlay-gradient":""}},"ngg_post_thumbnail":0,"footnotes":""},"categories":[1],"tags":[],"class_list":["post-40034","post","type-post","status-publish","format-standard","has-post-thumbnail","hentry"],"jetpack_featured_media_url":"https:\/\/muvhaz.orlaihaz.mezobereny.hu\/wp-content\/uploads\/sites\/2\/2025\/07\/OPS_0012_oh.jpg","_links":{"self":[{"href":"https:\/\/muvhaz.orlaihaz.mezobereny.hu\/index.php?rest_route=\/wp\/v2\/posts\/40034"}],"collection":[{"href":"https:\/\/muvhaz.orlaihaz.mezobereny.hu\/index.php?rest_route=\/wp\/v2\/posts"}],"about":[{"href":"https:\/\/muvhaz.orlaihaz.mezobereny.hu\/index.php?rest_route=\/wp\/v2\/types\/post"}],"author":[{"embeddable":true,"href":"https:\/\/muvhaz.orlaihaz.mezobereny.hu\/index.php?rest_route=\/wp\/v2\/users\/1"}],"replies":[{"embeddable":true,"href":"https:\/\/muvhaz.orlaihaz.mezobereny.hu\/index.php?rest_route=%2Fwp%2Fv2%2Fcomments&post=40034"}],"version-history":[{"count":1,"href":"https:\/\/muvhaz.orlaihaz.mezobereny.hu\/index.php?rest_route=\/wp\/v2\/posts\/40034\/revisions"}],"predecessor-version":[{"id":40036,"href":"https:\/\/muvhaz.orlaihaz.mezobereny.hu\/index.php?rest_route=\/wp\/v2\/posts\/40034\/revisions\/40036"}],"wp:featuredmedia":[{"embeddable":true,"href":"https:\/\/muvhaz.orlaihaz.mezobereny.hu\/index.php?rest_route=\/wp\/v2\/media\/40035"}],"wp:attachment":[{"href":"https:\/\/muvhaz.orlaihaz.mezobereny.hu\/index.php?rest_route=%2Fwp%2Fv2%2Fmedia&parent=40034"}],"wp:term":[{"taxonomy":"category","embeddable":true,"href":"https:\/\/muvhaz.orlaihaz.mezobereny.hu\/index.php?rest_route=%2Fwp%2Fv2%2Fcategories&post=40034"},{"taxonomy":"post_tag","embeddable":true,"href":"https:\/\/muvhaz.orlaihaz.mezobereny.hu\/index.php?rest_route=%2Fwp%2Fv2%2Ftags&post=40034"}],"curies":[{"name":"wp","href":"https:\/\/api.w.org\/{rel}","templated":true}]}}