{"id":40095,"date":"2025-07-09T15:26:54","date_gmt":"2025-07-09T13:26:54","guid":{"rendered":"https:\/\/muvhaz.orlaihaz.mezobereny.hu\/?p=40095"},"modified":"2025-07-09T15:28:36","modified_gmt":"2025-07-09T13:28:36","slug":"konyvmoly-tabor-2025-07-09","status":"publish","type":"post","link":"https:\/\/muvhaz.orlaihaz.mezobereny.hu\/?p=40095","title":{"rendered":"K\u00f6nyvmoly t\u00e1bor 2025.07.09."},"content":{"rendered":"\n<p>K\u00f6nyvmolyosok harmadik napja a t\u00e1borban<\/p>\n\n\n\n<p>Az Orlai h\u00e1z K\u00f6nyvmoly T\u00e1bora 2025. j\u00falius 7-\u00e9n kezd\u0151d\u00f6tt \u00e9s j\u00falius 11-ig tart. A gyerekek j\u00falius 9-\u00e9n, szerda d\u00e9lel\u0151tt ell\u00e1togattak a N\u00e9met K\u00f6z\u00f6ss\u00e9gi H\u00e1zba, ahol Freyn\u00e9 P\u00f6tyi n\u00e9ni r\u00e9v\u00e9n megcsod\u00e1lt\u00e1k a k\u00f6z\u00f6ss\u00e9gi h\u00e1z muze\u00e1lis gy\u0171jtem\u00e9ny\u00e9t \u00e9s megismerkedtek a mez\u0151ber\u00e9nyi n\u00e9metek t\u00f6rt\u00e9nelm\u00e9vel. A l\u00e1tottak megbesz\u00e9l\u00e9se k\u00f6zben Frei Zita finom preckedlivel k\u00edn\u00e1lta \u0151ket. Eb\u00e9d ut\u00e1n mesefilmet n\u00e9ztek, majd az Orlai h\u00e1z munkat\u00e1rsaival feltekert, csillag \u00e9s sz\u00edv alak\u00fa m\u00e9hviasz gyerty\u00e1t k\u00e9sz\u00edtettek.<\/p>\n\n\n\n<p><\/p>\n\n\n\n<figure class=\"wp-block-image size-large is-resized\"><img fetchpriority=\"high\" decoding=\"async\" width=\"1024\" height=\"683\" src=\"https:\/\/muvhaz.orlaihaz.mezobereny.hu\/wp-content\/uploads\/sites\/2\/2025\/07\/OPS_0088_oh-1024x683.jpg\" alt=\"\" class=\"wp-image-40096\" style=\"width:575px;height:auto\" srcset=\"https:\/\/muvhaz.orlaihaz.mezobereny.hu\/wp-content\/uploads\/sites\/2\/2025\/07\/OPS_0088_oh-1024x683.jpg 1024w, https:\/\/muvhaz.orlaihaz.mezobereny.hu\/wp-content\/uploads\/sites\/2\/2025\/07\/OPS_0088_oh-300x200.jpg 300w, https:\/\/muvhaz.orlaihaz.mezobereny.hu\/wp-content\/uploads\/sites\/2\/2025\/07\/OPS_0088_oh-768x512.jpg 768w, https:\/\/muvhaz.orlaihaz.mezobereny.hu\/wp-content\/uploads\/sites\/2\/2025\/07\/OPS_0088_oh.jpg 1484w\" sizes=\"(max-width: 1024px) 100vw, 1024px\" \/><\/figure>\n\n\n\n<p class=\"has-text-align-center\"><strong><a href=\"https:\/\/muvhaz.orlaihaz.mezobereny.hu\/index.php\/nggallery\/album\/konyvmoly-tabor-2025-07-09?page_id=32023\">GAL\u00c9RIA<\/a><\/strong><\/p>\n","protected":false},"excerpt":{"rendered":"<p>K\u00f6nyvmolyosok harmadik napja a t\u00e1borban Az Orlai h\u00e1z K\u00f6nyvmoly T\u00e1bora 2025. j\u00falius 7-\u00e9n kezd\u0151d\u00f6tt \u00e9s j\u00falius 11-ig tart. A gyerekek j\u00falius 9-\u00e9n, szerda d\u00e9lel\u0151tt ell\u00e1togattak a N\u00e9met K\u00f6z\u00f6ss\u00e9gi H\u00e1zba, ahol [&hellip;]<\/p>\n","protected":false},"author":1,"featured_media":40096,"comment_status":"closed","ping_status":"open","sticky":false,"template":"","format":"standard","meta":{"site-sidebar-layout":"default","site-content-layout":"","ast-site-content-layout":"","site-content-style":"default","site-sidebar-style":"default","ast-global-header-display":"","ast-banner-title-visibility":"","ast-main-header-display":"","ast-hfb-above-header-display":"","ast-hfb-below-header-display":"","ast-hfb-mobile-header-display":"","site-post-title":"","ast-breadcrumbs-content":"","ast-featured-img":"","footer-sml-layout":"","theme-transparent-header-meta":"","adv-header-id-meta":"","stick-header-meta":"","header-above-stick-meta":"","header-main-stick-meta":"","header-below-stick-meta":"","astra-migrate-meta-layouts":"default","ast-page-background-enabled":"default","ast-page-background-meta":{"desktop":{"background-color":"var(--ast-global-color-4)","background-image":"","background-repeat":"repeat","background-position":"center center","background-size":"auto","background-attachment":"scroll","background-type":"","background-media":"","overlay-type":"","overlay-color":"","overlay-opacity":"","overlay-gradient":""},"tablet":{"background-color":"","background-image":"","background-repeat":"repeat","background-position":"center center","background-size":"auto","background-attachment":"scroll","background-type":"","background-media":"","overlay-type":"","overlay-color":"","overlay-opacity":"","overlay-gradient":""},"mobile":{"background-color":"","background-image":"","background-repeat":"repeat","background-position":"center center","background-size":"auto","background-attachment":"scroll","background-type":"","background-media":"","overlay-type":"","overlay-color":"","overlay-opacity":"","overlay-gradient":""}},"ast-content-background-meta":{"desktop":{"background-color":"var(--ast-global-color-5)","background-image":"","background-repeat":"repeat","background-position":"center center","background-size":"auto","background-attachment":"scroll","background-type":"","background-media":"","overlay-type":"","overlay-color":"","overlay-opacity":"","overlay-gradient":""},"tablet":{"background-color":"var(--ast-global-color-5)","background-image":"","background-repeat":"repeat","background-position":"center center","background-size":"auto","background-attachment":"scroll","background-type":"","background-media":"","overlay-type":"","overlay-color":"","overlay-opacity":"","overlay-gradient":""},"mobile":{"background-color":"var(--ast-global-color-5)","background-image":"","background-repeat":"repeat","background-position":"center center","background-size":"auto","background-attachment":"scroll","background-type":"","background-media":"","overlay-type":"","overlay-color":"","overlay-opacity":"","overlay-gradient":""}},"ngg_post_thumbnail":0,"footnotes":""},"categories":[1],"tags":[],"class_list":["post-40095","post","type-post","status-publish","format-standard","has-post-thumbnail","hentry"],"jetpack_featured_media_url":"https:\/\/muvhaz.orlaihaz.mezobereny.hu\/wp-content\/uploads\/sites\/2\/2025\/07\/OPS_0088_oh.jpg","_links":{"self":[{"href":"https:\/\/muvhaz.orlaihaz.mezobereny.hu\/index.php?rest_route=\/wp\/v2\/posts\/40095"}],"collection":[{"href":"https:\/\/muvhaz.orlaihaz.mezobereny.hu\/index.php?rest_route=\/wp\/v2\/posts"}],"about":[{"href":"https:\/\/muvhaz.orlaihaz.mezobereny.hu\/index.php?rest_route=\/wp\/v2\/types\/post"}],"author":[{"embeddable":true,"href":"https:\/\/muvhaz.orlaihaz.mezobereny.hu\/index.php?rest_route=\/wp\/v2\/users\/1"}],"replies":[{"embeddable":true,"href":"https:\/\/muvhaz.orlaihaz.mezobereny.hu\/index.php?rest_route=%2Fwp%2Fv2%2Fcomments&post=40095"}],"version-history":[{"count":3,"href":"https:\/\/muvhaz.orlaihaz.mezobereny.hu\/index.php?rest_route=\/wp\/v2\/posts\/40095\/revisions"}],"predecessor-version":[{"id":40099,"href":"https:\/\/muvhaz.orlaihaz.mezobereny.hu\/index.php?rest_route=\/wp\/v2\/posts\/40095\/revisions\/40099"}],"wp:featuredmedia":[{"embeddable":true,"href":"https:\/\/muvhaz.orlaihaz.mezobereny.hu\/index.php?rest_route=\/wp\/v2\/media\/40096"}],"wp:attachment":[{"href":"https:\/\/muvhaz.orlaihaz.mezobereny.hu\/index.php?rest_route=%2Fwp%2Fv2%2Fmedia&parent=40095"}],"wp:term":[{"taxonomy":"category","embeddable":true,"href":"https:\/\/muvhaz.orlaihaz.mezobereny.hu\/index.php?rest_route=%2Fwp%2Fv2%2Fcategories&post=40095"},{"taxonomy":"post_tag","embeddable":true,"href":"https:\/\/muvhaz.orlaihaz.mezobereny.hu\/index.php?rest_route=%2Fwp%2Fv2%2Ftags&post=40095"}],"curies":[{"name":"wp","href":"https:\/\/api.w.org\/{rel}","templated":true}]}}