{"id":40483,"date":"2025-08-13T08:40:46","date_gmt":"2025-08-13T06:40:46","guid":{"rendered":"https:\/\/muvhaz.orlaihaz.mezobereny.hu\/?p=40483"},"modified":"2025-08-13T08:40:46","modified_gmt":"2025-08-13T06:40:46","slug":"lelekben-egy-a-muvesztelep-zarokiallitasa","status":"publish","type":"post","link":"https:\/\/muvhaz.orlaihaz.mezobereny.hu\/?p=40483","title":{"rendered":"L\u00e9lekben egy \u2013 a m\u0171v\u00e9sztelep z\u00e1r\u00f3ki\u00e1ll\u00edt\u00e1sa"},"content":{"rendered":"<p>Az Orlai h\u00e1z emeleti nagyterm\u00e9ben V\u00e1n Hajnalka m\u0171v\u00e9szett\u00f6rt\u00e9n\u00e9sz 2025. augusztus 12-\u00e9n nyitotta meg a XII. Mez\u0151ber\u00e9ny M\u0171v\u00e9sztelep z\u00e1r\u00f3ki\u00e1ll\u00edt\u00e1s\u00e1t. A t\u00e1bor munk\u00e1j\u00e1ban Bakos Ferenc, Bata Em\u00edlia, B\u00e1cskai Bertalan, Bereznai P\u00e9ter szakmai vezet\u0151, Papp Zolt\u00e1n \u00e9s Pataki Ferenc vett r\u00e9szt. Holo H\u00f3bel L\u00e1szl\u00f3 az id\u00e9n nem tudott elj\u00f6nni, de egy kor\u00e1bban itt festett k\u00e9p\u00e9t elhozta ki\u00e1ll\u00edt\u00e1sra. A k\u00f6z\u00f6s munka augusztus 3-t\u00f3l 11-ig tartott, a m\u0171v\u00e9szeknek \u2013 mik\u00e9nt az elm\u00falt esztend\u0151kben is \u2013a T\u00f3part Vend\u00e9gl\u0151 \u00e9s Panzi\u00f3ban adott otthont. Az idei t\u00e1bor t\u00e9m\u00e1j\u00e1t a \u201eL\u00e9lekben egy\u201d kifejez\u00e9ssel fogalmazt\u00e1k meg, ez v\u00e1lt a ki\u00e1ll\u00edt\u00e1s c\u00edm\u00e9v\u00e9 is.<\/p>\n<p>&nbsp;<\/p>\n<p><strong>&nbsp;<\/strong><\/p>\n<p><strong>&nbsp;<\/strong><\/p>\n<p>Sikl\u00f3si Istv\u00e1n polg\u00e1rmester k\u00f6sz\u00f6nt\u0151j\u00e9ben elmondta, h\u00faszon valah\u00e1ny \u00e9vvel ezel\u0151tt megfogalmazott \u00e1lom v\u00e1lik most val\u00f3ra. Ugyanis akkor Bereznai P\u00e9ter \u00e9s Bereznai Mikl\u00f3s azzal az \u00f6tlettel kereste meg a v\u00e1rost, hogy egy modern gal\u00e9ria sz\u00e1m\u00e1ra m\u0171t\u00e1rgyakat aj\u00e1nd\u00e9koznak. Most a szitanyomatuk gy\u0171jtem\u00e9ny\u00e9t aj\u00e1nlott\u00e1k fel Mez\u0151ber\u00e9nynek. A polg\u00e1rmester megfogalmazta, az aj\u00e1nd\u00e9koz\u00e1si szerz\u0151d\u00e9s tervezet\u00e9t el is hozta, ha azzal egyet\u00e9rtenek, akkor itt al\u00e1 is \u00edrhatj\u00e1k a dokumentumot.<\/p>\n<p><strong>&nbsp;<\/strong><\/p>\n<p><strong>&nbsp;<\/strong><\/p>\n<p><strong>&nbsp;<\/strong><\/p>\n<p>V\u00e1n Hajnalka megnyit\u00f3j\u00e1ban kifejtette, az alkot\u00f3k egy\u00fctt, l\u00e9lekben eggy\u00e9 v\u00e1lva term\u00e9keny napokat tudhatnak maguk m\u00f6g\u00f6tt. M\u0171k\u00f6d\u00e9s\u00fckbe betekintve kider\u00fclt, hogy id\u00e9n is, mint kor\u00e1bban, a m\u0171v\u00e9szek l\u00e9nyeg\u00e9ben \u2013 szem\u00e9lyis\u00e9g\u00fckb\u0151l ad\u00f3d\u00f3an \u2013 k\u00e9t t\u00e1bort k\u00e9pezve alkottak.<\/p>\n<p>&nbsp;<\/p>\n<p>&nbsp;<\/p>\n<p>Papp Zolt\u00e1n, Bata Em\u00edli\u00e1val \u00e9s Bereznai P\u00e9terrel vehet\u0151 egy csoportba. A ber\u00e9nyi Papp Zolt\u00e1n grafikust\u00f3l a j\u00f3 \u00e9rtelemben vett megszokott, m\u00faltra utal\u00f3, a k\u00e9s\u0151 k\u00f6z\u00e9pkor vonalgazdags\u00e1g\u00e1t szentes\u00edt\u0151 vizu\u00e1lis megold\u00e1sait, illetve a fesz\u00fclts\u00e9g \u00e9s a felold\u00e1s ellent\u00e9t\u00e9t vonultatja f\u00f6l. A m\u00e1sik, szint\u00e9n hazai p\u00e1ly\u00e1n dolgoz\u00f3 Bata Em\u00edlia fest\u0151 ugyancsak mer\u00edt a m\u00faltb\u00f3l, de eset\u00e9ben a t\u00e1volabbi m\u00falt, az archaizmus a forr\u00e1s, de emellett inspir\u00e1l\u00f3dik a legmodernebb technol\u00f3gi\u00e1b\u00f3l, s\u0151t, \u00f6ssze is hasonl\u00edtja azokat, \u00fctk\u00f6ztet vagy p\u00e1rhuzamba \u00e1ll\u00edt. Ebben a helyi teamben eml\u00edtend\u0151 Bereznai P\u00e9ter fest\u0151 m\u0171v\u00e9szete. Bereznai P\u00e9ter \u2013 a m\u0171v\u00e9sztelep \u00e9letre h\u00edv\u00f3ja \u2013 k\u00f6tel\u00e9k a trad\u00edci\u00f3 \u00e9s a hagyom\u00e1ny folytat\u00e1sa k\u00f6z\u00f6tt. Hossz\u00fa alkot\u00f3i p\u00e1ly\u00e1ja sor\u00e1n m\u00e1s n\u00e9z\u0151pontokat is megismert \u00e9s \u00edgy hozta meg stil\u00e1ris d\u00f6nt\u00e9seit, vagyis tudatosan minim\u00e1l. N\u00e9gyzetei, vonalai, vari\u00e1nsai kimer\u00edthetetlenek.<\/p>\n<p>&nbsp;<\/p>\n<p>&nbsp;<\/p>\n<p>Holo H\u00f3bel L\u00e1szl\u00f3 fest\u0151 a t\u00e1rsas\u00e1g szellemi t\u00e1rsa, aki id\u00e9n fizikailag nem lehetett jelen, de l\u00e9lekben itt volt, ez\u00e9rt egy kor\u00e1bban a telepen alkotott festm\u00e9ny\u00e9vel k\u00e9pviseli m\u0171v\u00e9szet\u00e9t.<\/p>\n<p>&nbsp;<\/p>\n<p>&nbsp;<\/p>\n<p>A m\u00e1sik b\u00e1zishoz tartoz\u00f3 m\u0171v\u00e9szek gruppja: B\u00e1cskai Bertalan, Bakos Ferenc \u00e9s Pataki Ferenc. B\u00e1cskai Bertalan fest\u0151 zabol\u00e1tlanul sz\u00fclte meg kompoz\u00edci\u00f3it. A hajnalt\u00f3l indul\u00f3 fest\u00e9sek ugyan c\u00edmad\u00e1sban a mag\u00e1nyt emlegetik, de maximum kontrasztk\u00e9nt \u00e9lhette meg a saj\u00e1t m\u0171terem cs\u00f6ndje \u00e9s az itteni k\u00f6z\u00f6ss\u00e9g k\u00f6z\u00f6tt. Ha csendess\u00e9get kommunik\u00e1lnak is e m\u0171vek, er\u0151sek \u00e9s vit\u00e9ziek, \u00e9s \u2013 nem utols\u00f3 sorban \u2013 magas szakmai \u00e9s erk\u00f6lcsi m\u00e9rc\u00e9vel b\u00edrnak. Bakos Ferenc grafikus ugyancsak k\u00e9pben b\u0151velked\u0151 napokat tudhat maga m\u00f6g\u00f6tt, ugyanakkor eset\u00e9ben felfedez\u0151 \u00e9lm\u00e9nyekkel is b\u00edrt az ittl\u00e9t. Munkam\u00f3dszere eddig a pap\u00edrhordoz\u00f3t r\u00e9szes\u00edtette el\u0151nyben, mostan\u00e1ban a v\u00e1sznat igyekszik megismerni \u00e9s megh\u00f3d\u00edtani. Hogy k\u00e9pei mik\u00e9nt m\u0171k\u00f6dnek m\u00e1s fel\u00fcleten, vagy ak\u00e1r m\u00e1s t\u00e9ma bevon\u00e1s\u00e1val, m\u00e9g sz\u00e1m\u00e1ra is izgalmas rejtelmekkel b\u00edr. Pataki Ferenc fest\u0151 h\u00e1l\u00e1ja \u00e9rz\u0151dik e telep \u00e9s alkot\u00f3i fel\u00e9. \u00d6nmaga m\u0171v\u00e9szet\u00e9nek \u00fajramegtal\u00e1l\u00e1sa, a kompoz\u00edci\u00f3k, sz\u00ednek, t\u00e9m\u00e1k j\u00f3les\u0151 \u00fcdv\u00f6zl\u00e9se saj\u00e1t m\u0171vein. Egyfajta konstrukt\u00edv m\u0171v\u00e9szetbe z\u00e1rt automatizmus.<\/p>\n<p>&nbsp;<\/p>\n<p>&nbsp;<\/p>\n<p>A ki\u00e1ll\u00edt\u00e1s megtekinthet\u0151 \u2013 az int\u00e9zm\u00e9ny nyitvatart\u00e1si idej\u00e9ben \u2013 2025. szeptember 30-ig.<\/p>\n<p>&nbsp;<\/p>\n<p>&nbsp;<\/p>\n\n\n<p class=\"has-text-align-center\"><strong><a href=\"https:\/\/muvhaz.orlaihaz.mezobereny.hu\/index.php\/nggallery\/album\/a-muvesztelep-zarokiallitasa-2025-augusztus-12?page_id=7899\">GAL\u00c9RIA<\/a><\/strong><\/p>\n","protected":false},"excerpt":{"rendered":"<p>Az Orlai h\u00e1z emeleti nagyterm\u00e9ben V\u00e1n Hajnalka m\u0171v\u00e9szett\u00f6rt\u00e9n\u00e9sz 2025. augusztus 12-\u00e9n nyitotta meg a XII. Mez\u0151ber\u00e9ny M\u0171v\u00e9sztelep z\u00e1r\u00f3ki\u00e1ll\u00edt\u00e1s\u00e1t. A t\u00e1bor munk\u00e1j\u00e1ban Bakos Ferenc, Bata Em\u00edlia, B\u00e1cskai Bertalan, Bereznai P\u00e9ter szakmai [&hellip;]<\/p>\n","protected":false},"author":2,"featured_media":40485,"comment_status":"closed","ping_status":"open","sticky":false,"template":"","format":"standard","meta":{"site-sidebar-layout":"default","site-content-layout":"","ast-site-content-layout":"","site-content-style":"default","site-sidebar-style":"default","ast-global-header-display":"","ast-banner-title-visibility":"","ast-main-header-display":"","ast-hfb-above-header-display":"","ast-hfb-below-header-display":"","ast-hfb-mobile-header-display":"","site-post-title":"","ast-breadcrumbs-content":"","ast-featured-img":"","footer-sml-layout":"","theme-transparent-header-meta":"","adv-header-id-meta":"","stick-header-meta":"","header-above-stick-meta":"","header-main-stick-meta":"","header-below-stick-meta":"","astra-migrate-meta-layouts":"default","ast-page-background-enabled":"default","ast-page-background-meta":{"desktop":{"background-color":"var(--ast-global-color-4)","background-image":"","background-repeat":"repeat","background-position":"center center","background-size":"auto","background-attachment":"scroll","background-type":"","background-media":"","overlay-type":"","overlay-color":"","overlay-opacity":"","overlay-gradient":""},"tablet":{"background-color":"","background-image":"","background-repeat":"repeat","background-position":"center center","background-size":"auto","background-attachment":"scroll","background-type":"","background-media":"","overlay-type":"","overlay-color":"","overlay-opacity":"","overlay-gradient":""},"mobile":{"background-color":"","background-image":"","background-repeat":"repeat","background-position":"center center","background-size":"auto","background-attachment":"scroll","background-type":"","background-media":"","overlay-type":"","overlay-color":"","overlay-opacity":"","overlay-gradient":""}},"ast-content-background-meta":{"desktop":{"background-color":"var(--ast-global-color-5)","background-image":"","background-repeat":"repeat","background-position":"center center","background-size":"auto","background-attachment":"scroll","background-type":"","background-media":"","overlay-type":"","overlay-color":"","overlay-opacity":"","overlay-gradient":""},"tablet":{"background-color":"var(--ast-global-color-5)","background-image":"","background-repeat":"repeat","background-position":"center center","background-size":"auto","background-attachment":"scroll","background-type":"","background-media":"","overlay-type":"","overlay-color":"","overlay-opacity":"","overlay-gradient":""},"mobile":{"background-color":"var(--ast-global-color-5)","background-image":"","background-repeat":"repeat","background-position":"center center","background-size":"auto","background-attachment":"scroll","background-type":"","background-media":"","overlay-type":"","overlay-color":"","overlay-opacity":"","overlay-gradient":""}},"ngg_post_thumbnail":0,"footnotes":""},"categories":[1],"tags":[],"class_list":["post-40483","post","type-post","status-publish","format-standard","has-post-thumbnail","hentry"],"jetpack_featured_media_url":"https:\/\/muvhaz.orlaihaz.mezobereny.hu\/wp-content\/uploads\/sites\/2\/2025\/08\/OPS_0091_oh.jpg","_links":{"self":[{"href":"https:\/\/muvhaz.orlaihaz.mezobereny.hu\/index.php?rest_route=\/wp\/v2\/posts\/40483"}],"collection":[{"href":"https:\/\/muvhaz.orlaihaz.mezobereny.hu\/index.php?rest_route=\/wp\/v2\/posts"}],"about":[{"href":"https:\/\/muvhaz.orlaihaz.mezobereny.hu\/index.php?rest_route=\/wp\/v2\/types\/post"}],"author":[{"embeddable":true,"href":"https:\/\/muvhaz.orlaihaz.mezobereny.hu\/index.php?rest_route=\/wp\/v2\/users\/2"}],"replies":[{"embeddable":true,"href":"https:\/\/muvhaz.orlaihaz.mezobereny.hu\/index.php?rest_route=%2Fwp%2Fv2%2Fcomments&post=40483"}],"version-history":[{"count":1,"href":"https:\/\/muvhaz.orlaihaz.mezobereny.hu\/index.php?rest_route=\/wp\/v2\/posts\/40483\/revisions"}],"predecessor-version":[{"id":40484,"href":"https:\/\/muvhaz.orlaihaz.mezobereny.hu\/index.php?rest_route=\/wp\/v2\/posts\/40483\/revisions\/40484"}],"wp:featuredmedia":[{"embeddable":true,"href":"https:\/\/muvhaz.orlaihaz.mezobereny.hu\/index.php?rest_route=\/wp\/v2\/media\/40485"}],"wp:attachment":[{"href":"https:\/\/muvhaz.orlaihaz.mezobereny.hu\/index.php?rest_route=%2Fwp%2Fv2%2Fmedia&parent=40483"}],"wp:term":[{"taxonomy":"category","embeddable":true,"href":"https:\/\/muvhaz.orlaihaz.mezobereny.hu\/index.php?rest_route=%2Fwp%2Fv2%2Fcategories&post=40483"},{"taxonomy":"post_tag","embeddable":true,"href":"https:\/\/muvhaz.orlaihaz.mezobereny.hu\/index.php?rest_route=%2Fwp%2Fv2%2Ftags&post=40483"}],"curies":[{"name":"wp","href":"https:\/\/api.w.org\/{rel}","templated":true}]}}