{"id":40643,"date":"2025-08-21T09:47:08","date_gmt":"2025-08-21T07:47:08","guid":{"rendered":"https:\/\/muvhaz.orlaihaz.mezobereny.hu\/?p=40643"},"modified":"2025-08-21T09:47:08","modified_gmt":"2025-08-21T07:47:08","slug":"kiszely-janosne-emlekkiallitasa-xxviii-mezoberenyi-napok","status":"publish","type":"post","link":"https:\/\/muvhaz.orlaihaz.mezobereny.hu\/?p=40643","title":{"rendered":"Kiszely J\u00e1nosn\u00e9 eml\u00e9kki\u00e1ll\u00edt\u00e1sa \u2013 XXVIII. Mez\u0151ber\u00e9nyi Napok"},"content":{"rendered":"<p>Az id\u00e9n m\u00e1rciusban elhunyt Kiszely J\u00e1nosn\u00e9 h\u00edmz\u0151, N\u00e9pi Iparm\u0171v\u00e9sz eml\u00e9kki\u00e1ll\u00edt\u00e1s\u00e1t nyitotta meg 2025. augusztus 19-\u00e9n az Orlai h\u00e1zban Sz\u0171csn\u00e9 Sziklai \u00c9va, a neves h\u00edmz\u0151 keresztl\u00e1nya, a Pet\u0151fi S\u00e1ndor M\u0171vel\u0151d\u00e9si K\u00f6zpont volt igazgat\u00f3ja \u00e9s Sipos Imre, a k\u00f6r\u00f6slad\u00e1nyi Dr. Asztalos Mikl\u00f3s M\u0171vel\u0151d\u00e9si H\u00e1z nyugalmazott igazgat\u00f3ja.<\/p>\n<p>&nbsp;<\/p>\n<p>K\u00f6sz\u00f6nt\u0151j\u00e9ben Sikl\u00f3si Istv\u00e1n hangs\u00falyozta, Kiszely J\u00e1nosn\u00e9 nem csak n\u00e9pm\u0171v\u00e9sz volt, hanem nagyszer\u0171 ember is, mindig szeretettel fordult azok fel\u00e9, aki valami\u00e9rt megkerest\u00e9k. M\u00e9g itt kellene lennie k\u00f6z\u00f6tt\u00fcnk, m\u00e9g lenne mit \u00e1tadnia a tud\u00e1s\u00e1b\u00f3l. Azt k\u00edv\u00e1nta a jelenl\u00e9v\u0151kt\u0151l, \u00fagy tekints\u00e9k ezeket a munk\u00e1kat, mint aj\u00e1nd\u00e9kokat Zsuzsika n\u00e9nit\u0151l.&nbsp;&nbsp;<\/p>\n<p>&nbsp;<\/p>\n<p>Sipos Imre mondand\u00f3j\u00e1t azzal kezdte, b\u00e1r Kiszely J\u00e1nosn\u00e9 munk\u00e1ss\u00e1ga els\u0151sorban Mez\u0151ber\u00e9nyhez k\u00f6t\u0151dik, de a k\u00f6r\u00f6slad\u00e1nyiak is nagy szeretettel gondolnak r\u00e1. Ugyanis az 1974-ben megalakult d\u00edsz\u00edt\u0151m\u0171v\u00e9szeti k\u00f6r vezet\u0151jek\u00e9nt maradand\u00f3t alkotott, \u00f6sszesen 25 \u00e9vig ir\u00e1ny\u00edtotta a csoportot. A k\u00f6r vezet\u00e9se mellett gy\u0171jt\u00f6tte, feldolgozta \u00e9s k\u00f6zkinccs\u00e9 tette a k\u00f6r\u00f6slad\u00e1nyi feh\u00e9r h\u00edmz\u00e9st. Az err\u0151l sz\u00f3l\u00f3 k\u00f6nyv 1994-ben jelent meg, \u00e9s nagy szakmai sikert aratott. A szakk\u00f6r tagjai az orsz\u00e1g minden r\u00e9sz\u00e9nek a h\u00edmz\u00e9stechnik\u00e1j\u00e1t megtanult\u00e1k, sz\u00e1mos orsz\u00e1gos ki\u00e1ll\u00edt\u00e1son vettek r\u00e9szt. J\u00f3 \u00e9rz\u00e9ssel vette \u00e1t 2003-ban a k\u00f6zs\u00e9g vezet\u0151j\u00e9t\u0151l az elismer\u0151 oklevelet.&nbsp;&nbsp;<\/p>\n<p>&nbsp;<\/p>\n<p>Sz\u0171csn\u00e9 Sziklai \u00c9va arr\u00f3l sz\u00f3lt, sorsszer\u0171 volt, hogy keresztanyja a n\u00e9pm\u0171v\u00e9szet fel\u00e9 forduljon, ugyanis fontos volt sz\u00e1m\u00e1ra a m\u00falt, az el\u0151d\u00f6k \u00e9s a csal\u00e1d tisztelete.&nbsp; \u00c9desapja csizmadia \u00e9s papucsos volt, a papucsok fels\u0151 r\u00e9sz\u00e9t az \u00e9desanyja h\u00edmezte. Felk\u00e9r\u00e9sre 1957-t\u00f3l az Arany Kal\u00e1sz Termel\u0151sz\u00f6vetkezetben, majd 1972-ben az \u00c1F\u00c9SZ k\u00f6z\u00f6ss\u00e9g\u00e9ben oktatta az \u00f6lt\u00e9seket. Nagyfordulatot jelentett 1972 \u0151sze, ekkor a m\u0171vel\u0151d\u00e9si h\u00e1z vette \u00e1t a csoportot. N\u00e9pm\u0171v\u00e9szeti oktat\u00f3 oklevelet szerzett, \u00e9s ekkor h\u00edvt\u00e1k m\u00e1r m\u00e1s telep\u00fcl\u00e9sekre is, \u00edgy Cs\u00e1rdasz\u00e1ll\u00e1sra, K\u00f6r\u00f6slad\u00e1nyba \u00e9s B\u00e9k\u00e9scsab\u00e1ra. K\u00f6zben Mez\u0151ber\u00e9nyben a k\u00f6r tagjainak a sz\u00e1ma 38-r\u00f3l 72-re n\u00f6vekedett. T\u00f6rekedett az ut\u00f3dja kinevel\u00e9s\u00e9re, \u00f6r\u00f6mteli volt sz\u00e1m\u00e1ra, amikor 2014-ben \u0151 nyithatta meg a m\u00e1r Bog\u00e1rn\u00e9 Sz\u0151ke Erika vezette szakk\u00f6r ki\u00e1ll\u00edt\u00e1s\u00e1t. &nbsp;<\/p>\n<p>R\u00f6vid m\u0171sort adtak a Ber\u00e9ny T\u00e1ncegy\u00fcttes tagjai.<\/p>\n<p>&nbsp;<\/p>\n<p>A megnyit\u00f3 z\u00e1rszav\u00e1t Kiszely J\u00e1nosn\u00e9 mondta, ugyanis a Csaba TV 1993-as felv\u00e9tel\u00e9n besz\u00e9lt munk\u00e1j\u00e1r\u00f3l, csal\u00e1dja k\u00e9zm\u0171ves hagyom\u00e1ny\u00e1r\u00f3l.<\/p>\n<p>&nbsp;<\/p>\n<p>A t\u00e1rlat megtekinthet\u0151 \u2013 az int\u00e9zm\u00e9ny nyitvatart\u00e1si idej\u00e9ben \u2013 2025. szeptember 22-ig.<\/p>\n<p>&nbsp;<\/p>\n<p>&nbsp;<\/p>\n\n\n<p class=\"has-text-align-center\"><strong><a href=\"https:\/\/muvhaz.orlaihaz.mezobereny.hu\/index.php\/nggallery\/album\/kiszely-janosne-emlekkiallitasa-2025-augusztus-19?page_id=7899\">GAL\u00c9RIA<\/a><\/strong><\/p>\n","protected":false},"excerpt":{"rendered":"<p>Az id\u00e9n m\u00e1rciusban elhunyt Kiszely J\u00e1nosn\u00e9 h\u00edmz\u0151, N\u00e9pi Iparm\u0171v\u00e9sz eml\u00e9kki\u00e1ll\u00edt\u00e1s\u00e1t nyitotta meg 2025. augusztus 19-\u00e9n az Orlai h\u00e1zban Sz\u0171csn\u00e9 Sziklai \u00c9va, a neves h\u00edmz\u0151 keresztl\u00e1nya, a Pet\u0151fi S\u00e1ndor M\u0171vel\u0151d\u00e9si K\u00f6zpont [&hellip;]<\/p>\n","protected":false},"author":2,"featured_media":40645,"comment_status":"closed","ping_status":"open","sticky":false,"template":"","format":"standard","meta":{"site-sidebar-layout":"default","site-content-layout":"","ast-site-content-layout":"","site-content-style":"default","site-sidebar-style":"default","ast-global-header-display":"","ast-banner-title-visibility":"","ast-main-header-display":"","ast-hfb-above-header-display":"","ast-hfb-below-header-display":"","ast-hfb-mobile-header-display":"","site-post-title":"","ast-breadcrumbs-content":"","ast-featured-img":"","footer-sml-layout":"","theme-transparent-header-meta":"","adv-header-id-meta":"","stick-header-meta":"","header-above-stick-meta":"","header-main-stick-meta":"","header-below-stick-meta":"","astra-migrate-meta-layouts":"default","ast-page-background-enabled":"default","ast-page-background-meta":{"desktop":{"background-color":"var(--ast-global-color-4)","background-image":"","background-repeat":"repeat","background-position":"center center","background-size":"auto","background-attachment":"scroll","background-type":"","background-media":"","overlay-type":"","overlay-color":"","overlay-opacity":"","overlay-gradient":""},"tablet":{"background-color":"","background-image":"","background-repeat":"repeat","background-position":"center center","background-size":"auto","background-attachment":"scroll","background-type":"","background-media":"","overlay-type":"","overlay-color":"","overlay-opacity":"","overlay-gradient":""},"mobile":{"background-color":"","background-image":"","background-repeat":"repeat","background-position":"center center","background-size":"auto","background-attachment":"scroll","background-type":"","background-media":"","overlay-type":"","overlay-color":"","overlay-opacity":"","overlay-gradient":""}},"ast-content-background-meta":{"desktop":{"background-color":"var(--ast-global-color-5)","background-image":"","background-repeat":"repeat","background-position":"center center","background-size":"auto","background-attachment":"scroll","background-type":"","background-media":"","overlay-type":"","overlay-color":"","overlay-opacity":"","overlay-gradient":""},"tablet":{"background-color":"var(--ast-global-color-5)","background-image":"","background-repeat":"repeat","background-position":"center center","background-size":"auto","background-attachment":"scroll","background-type":"","background-media":"","overlay-type":"","overlay-color":"","overlay-opacity":"","overlay-gradient":""},"mobile":{"background-color":"var(--ast-global-color-5)","background-image":"","background-repeat":"repeat","background-position":"center center","background-size":"auto","background-attachment":"scroll","background-type":"","background-media":"","overlay-type":"","overlay-color":"","overlay-opacity":"","overlay-gradient":""}},"ngg_post_thumbnail":0,"footnotes":""},"categories":[1],"tags":[],"class_list":["post-40643","post","type-post","status-publish","format-standard","has-post-thumbnail","hentry"],"jetpack_featured_media_url":"https:\/\/muvhaz.orlaihaz.mezobereny.hu\/wp-content\/uploads\/sites\/2\/2025\/08\/OPS_0007_oh.jpg","_links":{"self":[{"href":"https:\/\/muvhaz.orlaihaz.mezobereny.hu\/index.php?rest_route=\/wp\/v2\/posts\/40643"}],"collection":[{"href":"https:\/\/muvhaz.orlaihaz.mezobereny.hu\/index.php?rest_route=\/wp\/v2\/posts"}],"about":[{"href":"https:\/\/muvhaz.orlaihaz.mezobereny.hu\/index.php?rest_route=\/wp\/v2\/types\/post"}],"author":[{"embeddable":true,"href":"https:\/\/muvhaz.orlaihaz.mezobereny.hu\/index.php?rest_route=\/wp\/v2\/users\/2"}],"replies":[{"embeddable":true,"href":"https:\/\/muvhaz.orlaihaz.mezobereny.hu\/index.php?rest_route=%2Fwp%2Fv2%2Fcomments&post=40643"}],"version-history":[{"count":1,"href":"https:\/\/muvhaz.orlaihaz.mezobereny.hu\/index.php?rest_route=\/wp\/v2\/posts\/40643\/revisions"}],"predecessor-version":[{"id":40644,"href":"https:\/\/muvhaz.orlaihaz.mezobereny.hu\/index.php?rest_route=\/wp\/v2\/posts\/40643\/revisions\/40644"}],"wp:featuredmedia":[{"embeddable":true,"href":"https:\/\/muvhaz.orlaihaz.mezobereny.hu\/index.php?rest_route=\/wp\/v2\/media\/40645"}],"wp:attachment":[{"href":"https:\/\/muvhaz.orlaihaz.mezobereny.hu\/index.php?rest_route=%2Fwp%2Fv2%2Fmedia&parent=40643"}],"wp:term":[{"taxonomy":"category","embeddable":true,"href":"https:\/\/muvhaz.orlaihaz.mezobereny.hu\/index.php?rest_route=%2Fwp%2Fv2%2Fcategories&post=40643"},{"taxonomy":"post_tag","embeddable":true,"href":"https:\/\/muvhaz.orlaihaz.mezobereny.hu\/index.php?rest_route=%2Fwp%2Fv2%2Ftags&post=40643"}],"curies":[{"name":"wp","href":"https:\/\/api.w.org\/{rel}","templated":true}]}}