{"id":40786,"date":"2025-08-22T10:29:37","date_gmt":"2025-08-22T08:29:37","guid":{"rendered":"https:\/\/muvhaz.orlaihaz.mezobereny.hu\/?p=40786"},"modified":"2025-08-22T10:29:37","modified_gmt":"2025-08-22T08:29:37","slug":"szinpadi-program-2025-augusztus-20","status":"publish","type":"post","link":"https:\/\/muvhaz.orlaihaz.mezobereny.hu\/?p=40786","title":{"rendered":"Sz\u00ednpadi program \u2013 2025. augusztus 20."},"content":{"rendered":"\n<p>A XXVIII. Ber\u00e9nyi Napok m\u00e1sodik napj\u00e1n megtartott Szent Istv\u00e1n-napi felvonul\u00e1st a Mez\u0151ber\u00e9nyi Mazsorett Egy\u00fcttes vezette, a menet a Kossuth t\u00e9rr\u0151l indult \u00e9s a F\u0151 \u00faton kereszt\u00fcl \u00e9rkezett a piact\u00e9rre. Ott a felvonul\u00f3kat \u00e9s amegjelenteket a H\u00f3rihorgas Huj\u00e1kol\u00f3k G\u00f3lyal\u00e1bas T\u00e1rsulat sz\u00f3rakoztatta. Ezt k\u00f6vet\u0151en Sikl\u00f3si Istv\u00e1n polg\u00e1rmester k\u00f6sz\u00f6nt\u00f6tte \u0151ket, majd bemutatta a k\u00e9t \u00faj d\u00edszpolg\u00e1rt: Herczeg L\u00e1szl\u00f3 Luk\u00e1csot \u00e9s dr. Wagner J\u00f3zsefet. V\u00e9g\u00fcl \u2013 a hagyom\u00e1nyoknak megfelel\u0151en \u2013 megszegte a d\u00e9lel\u0151tti \u00fcnnepi szentmis\u00e9n megszentelt kenyeret.<\/p>\n\n\n\n<p>A sz\u00ednpadi programot a Mez\u0151ber\u00e9myi Mazsorett Egy\u00fcttes kezdte, \u0151ket a Ber\u00e9ny T\u00e1ncegy\u00fcttes \u00e9s Fey\u00e9r Zita k\u00f6vette. Az est szt\u00e1rfell\u00e9p\u0151je a Tankcsapda, az 1989-ben alakult hard rock\/heavy metal zenekar volt Luk\u00e1cs L\u00e1szl\u00f3 \u00e9nekes, basszusgit\u00e1ros vezet\u00e9s\u00e9vel.<\/p>\n\n\n\n<p class=\"has-text-align-center\"><strong><a href=\"https:\/\/muvhaz.orlaihaz.mezobereny.hu\/index.php\/nggallery\/album\/szinpadi-program-2025-augusztus-20?page_id=7920\">GAL\u00c9RIA<\/a><\/strong><\/p>\n","protected":false},"excerpt":{"rendered":"<p>A XXVIII. Ber\u00e9nyi Napok m\u00e1sodik napj\u00e1n megtartott Szent Istv\u00e1n-napi felvonul\u00e1st a Mez\u0151ber\u00e9nyi Mazsorett Egy\u00fcttes vezette, a menet a Kossuth t\u00e9rr\u0151l indult \u00e9s a F\u0151 \u00faton kereszt\u00fcl \u00e9rkezett a piact\u00e9rre. Ott [&hellip;]<\/p>\n","protected":false},"author":2,"featured_media":40788,"comment_status":"closed","ping_status":"open","sticky":false,"template":"","format":"standard","meta":{"site-sidebar-layout":"default","site-content-layout":"","ast-site-content-layout":"","site-content-style":"default","site-sidebar-style":"default","ast-global-header-display":"","ast-banner-title-visibility":"","ast-main-header-display":"","ast-hfb-above-header-display":"","ast-hfb-below-header-display":"","ast-hfb-mobile-header-display":"","site-post-title":"","ast-breadcrumbs-content":"","ast-featured-img":"","footer-sml-layout":"","theme-transparent-header-meta":"","adv-header-id-meta":"","stick-header-meta":"","header-above-stick-meta":"","header-main-stick-meta":"","header-below-stick-meta":"","astra-migrate-meta-layouts":"default","ast-page-background-enabled":"default","ast-page-background-meta":{"desktop":{"background-color":"var(--ast-global-color-4)","background-image":"","background-repeat":"repeat","background-position":"center center","background-size":"auto","background-attachment":"scroll","background-type":"","background-media":"","overlay-type":"","overlay-color":"","overlay-opacity":"","overlay-gradient":""},"tablet":{"background-color":"","background-image":"","background-repeat":"repeat","background-position":"center center","background-size":"auto","background-attachment":"scroll","background-type":"","background-media":"","overlay-type":"","overlay-color":"","overlay-opacity":"","overlay-gradient":""},"mobile":{"background-color":"","background-image":"","background-repeat":"repeat","background-position":"center center","background-size":"auto","background-attachment":"scroll","background-type":"","background-media":"","overlay-type":"","overlay-color":"","overlay-opacity":"","overlay-gradient":""}},"ast-content-background-meta":{"desktop":{"background-color":"var(--ast-global-color-5)","background-image":"","background-repeat":"repeat","background-position":"center center","background-size":"auto","background-attachment":"scroll","background-type":"","background-media":"","overlay-type":"","overlay-color":"","overlay-opacity":"","overlay-gradient":""},"tablet":{"background-color":"var(--ast-global-color-5)","background-image":"","background-repeat":"repeat","background-position":"center center","background-size":"auto","background-attachment":"scroll","background-type":"","background-media":"","overlay-type":"","overlay-color":"","overlay-opacity":"","overlay-gradient":""},"mobile":{"background-color":"var(--ast-global-color-5)","background-image":"","background-repeat":"repeat","background-position":"center center","background-size":"auto","background-attachment":"scroll","background-type":"","background-media":"","overlay-type":"","overlay-color":"","overlay-opacity":"","overlay-gradient":""}},"ngg_post_thumbnail":0,"footnotes":""},"categories":[1],"tags":[],"class_list":["post-40786","post","type-post","status-publish","format-standard","has-post-thumbnail","hentry"],"jetpack_featured_media_url":"https:\/\/muvhaz.orlaihaz.mezobereny.hu\/wp-content\/uploads\/sites\/2\/2025\/08\/13_OPS_0130_oh.jpg","_links":{"self":[{"href":"https:\/\/muvhaz.orlaihaz.mezobereny.hu\/index.php?rest_route=\/wp\/v2\/posts\/40786"}],"collection":[{"href":"https:\/\/muvhaz.orlaihaz.mezobereny.hu\/index.php?rest_route=\/wp\/v2\/posts"}],"about":[{"href":"https:\/\/muvhaz.orlaihaz.mezobereny.hu\/index.php?rest_route=\/wp\/v2\/types\/post"}],"author":[{"embeddable":true,"href":"https:\/\/muvhaz.orlaihaz.mezobereny.hu\/index.php?rest_route=\/wp\/v2\/users\/2"}],"replies":[{"embeddable":true,"href":"https:\/\/muvhaz.orlaihaz.mezobereny.hu\/index.php?rest_route=%2Fwp%2Fv2%2Fcomments&post=40786"}],"version-history":[{"count":1,"href":"https:\/\/muvhaz.orlaihaz.mezobereny.hu\/index.php?rest_route=\/wp\/v2\/posts\/40786\/revisions"}],"predecessor-version":[{"id":40787,"href":"https:\/\/muvhaz.orlaihaz.mezobereny.hu\/index.php?rest_route=\/wp\/v2\/posts\/40786\/revisions\/40787"}],"wp:featuredmedia":[{"embeddable":true,"href":"https:\/\/muvhaz.orlaihaz.mezobereny.hu\/index.php?rest_route=\/wp\/v2\/media\/40788"}],"wp:attachment":[{"href":"https:\/\/muvhaz.orlaihaz.mezobereny.hu\/index.php?rest_route=%2Fwp%2Fv2%2Fmedia&parent=40786"}],"wp:term":[{"taxonomy":"category","embeddable":true,"href":"https:\/\/muvhaz.orlaihaz.mezobereny.hu\/index.php?rest_route=%2Fwp%2Fv2%2Fcategories&post=40786"},{"taxonomy":"post_tag","embeddable":true,"href":"https:\/\/muvhaz.orlaihaz.mezobereny.hu\/index.php?rest_route=%2Fwp%2Fv2%2Ftags&post=40786"}],"curies":[{"name":"wp","href":"https:\/\/api.w.org\/{rel}","templated":true}]}}