{"id":40810,"date":"2025-08-25T09:47:26","date_gmt":"2025-08-25T07:47:26","guid":{"rendered":"https:\/\/muvhaz.orlaihaz.mezobereny.hu\/?p=40810"},"modified":"2025-08-25T09:47:26","modified_gmt":"2025-08-25T07:47:26","slug":"iii-santa-ferenc-emlekverseny","status":"publish","type":"post","link":"https:\/\/muvhaz.orlaihaz.mezobereny.hu\/?p=40810","title":{"rendered":"III. S\u00e1nta Ferenc Eml\u00e9kverseny"},"content":{"rendered":"<p>A III. S\u00e1nta Ferenc Eml\u00e9kversenyt 2025. augusztus 23-\u00e1n tartott\u00e1k meg a Martinovics utcai tornateremben. A megm\u00e9rettet\u00e9s v\u00e1rosi egy\u00e9ni \u00e9s p\u00e1ros asztalitenisz bajnoks\u00e1g volt, erre hat p\u00e1r, illetve f\u00e9rfi egy\u00e9nibe nyolcan, n\u0151i egy\u00e9nibe heten neveztek, tov\u00e1bb\u00e1 gyermek kateg\u00f3ri\u00e1ba n\u00e9gyen. Az els\u0151ket serleggel, a m\u00e1sodik, harmadik \u00e9s negyedik helyezetteket pedig \u00e9remmel \u00e9s oklev\u00e9llel jutalmazt\u00e1k.<\/p>\n<p>&nbsp;<\/p>\n<p>A f\u00e9rfiak verseny\u00e9t Dinya Tam\u00e1s nyerte, a m\u00e1sodik helyen K\u00f3sa J\u00e1nos v\u00e9gzett, a harmadik Sebastian Theil, a negyedik F\u00e1bi\u00e1n Mih\u00e1ly lett. A n\u0151k k\u00f6z\u00f6tt R\u00e1sa Ildik\u00f3 gy\u0151z\u00f6tt, F\u00e1bi\u00e1n Lilla, M\u00e1rkus Katalin \u00e9s Budai Zo\u00e9 Kinga el\u0151tt. A gyermekek kateg\u00f3ri\u00e1j\u00e1ban Budai Bence bizonyult a legjobbnak, a m\u00e1sodik helyen B\u00e1tori N\u00e1ndor, a harmadikon F\u00e1bi\u00e1n Lilla v\u00e9gzett, a negyedik helyet Budai Zo\u00e9 Kinga szerezte meg.<\/p>\n<p>&nbsp;<\/p>\n<p>A p\u00e1rosok verseny\u00e9ben n\u0151k \u00e9s f\u00e9rfiak egy\u00fctt versenyeztek. Itt Dinya Tam\u00e1s &#8211; B\u00e1tori N\u00e1ndor gy\u0151z\u00f6tt, Sebastian Theil &#8211; Szasz\u00e1k J\u00e1nos \u00e9s F\u00e1bi\u00e1n Mih\u00e1ly &#8211; F\u00e1bi\u00e1n Lilla el\u0151tt, a K\u00f3sa J\u00e1nos &#8211; K\u00f3sa Erika p\u00e1ros a negyedik helyen v\u00e9gzett.<\/p>\n<p>&nbsp;<\/p>\n<p>A III. S\u00e1nta Ferenc Eml\u00e9kversenyt az augusztus 16-\u00e1n kezd\u0151d\u00f6tt Ber\u00e9nyi Napok keret\u00e9ben rendezt\u00e9k meg, a sorozatnak ez volt a z\u00e1r\u00f3 esem\u00e9nye. &nbsp;<\/p>\n\n\n<p class=\"has-text-align-center\"><strong><a href=\"https:\/\/muvhaz.orlaihaz.mezobereny.hu\/index.php\/nggallery\/album\/iii-santa-ferenc-emlekverseny-2025-augusztus-23?page_id=7920\">GAL\u00c9RIA<\/a><\/strong><\/p>\n","protected":false},"excerpt":{"rendered":"<p>A III. S\u00e1nta Ferenc Eml\u00e9kversenyt 2025. augusztus 23-\u00e1n tartott\u00e1k meg a Martinovics utcai tornateremben. A megm\u00e9rettet\u00e9s v\u00e1rosi egy\u00e9ni \u00e9s p\u00e1ros asztalitenisz bajnoks\u00e1g volt, erre hat p\u00e1r, illetve f\u00e9rfi egy\u00e9nibe nyolcan, [&hellip;]<\/p>\n","protected":false},"author":2,"featured_media":40812,"comment_status":"closed","ping_status":"open","sticky":false,"template":"","format":"standard","meta":{"site-sidebar-layout":"default","site-content-layout":"","ast-site-content-layout":"","site-content-style":"default","site-sidebar-style":"default","ast-global-header-display":"","ast-banner-title-visibility":"","ast-main-header-display":"","ast-hfb-above-header-display":"","ast-hfb-below-header-display":"","ast-hfb-mobile-header-display":"","site-post-title":"","ast-breadcrumbs-content":"","ast-featured-img":"","footer-sml-layout":"","theme-transparent-header-meta":"","adv-header-id-meta":"","stick-header-meta":"","header-above-stick-meta":"","header-main-stick-meta":"","header-below-stick-meta":"","astra-migrate-meta-layouts":"default","ast-page-background-enabled":"default","ast-page-background-meta":{"desktop":{"background-color":"var(--ast-global-color-4)","background-image":"","background-repeat":"repeat","background-position":"center center","background-size":"auto","background-attachment":"scroll","background-type":"","background-media":"","overlay-type":"","overlay-color":"","overlay-opacity":"","overlay-gradient":""},"tablet":{"background-color":"","background-image":"","background-repeat":"repeat","background-position":"center center","background-size":"auto","background-attachment":"scroll","background-type":"","background-media":"","overlay-type":"","overlay-color":"","overlay-opacity":"","overlay-gradient":""},"mobile":{"background-color":"","background-image":"","background-repeat":"repeat","background-position":"center center","background-size":"auto","background-attachment":"scroll","background-type":"","background-media":"","overlay-type":"","overlay-color":"","overlay-opacity":"","overlay-gradient":""}},"ast-content-background-meta":{"desktop":{"background-color":"var(--ast-global-color-5)","background-image":"","background-repeat":"repeat","background-position":"center center","background-size":"auto","background-attachment":"scroll","background-type":"","background-media":"","overlay-type":"","overlay-color":"","overlay-opacity":"","overlay-gradient":""},"tablet":{"background-color":"var(--ast-global-color-5)","background-image":"","background-repeat":"repeat","background-position":"center center","background-size":"auto","background-attachment":"scroll","background-type":"","background-media":"","overlay-type":"","overlay-color":"","overlay-opacity":"","overlay-gradient":""},"mobile":{"background-color":"var(--ast-global-color-5)","background-image":"","background-repeat":"repeat","background-position":"center center","background-size":"auto","background-attachment":"scroll","background-type":"","background-media":"","overlay-type":"","overlay-color":"","overlay-opacity":"","overlay-gradient":""}},"ngg_post_thumbnail":0,"footnotes":""},"categories":[1],"tags":[],"class_list":["post-40810","post","type-post","status-publish","format-standard","has-post-thumbnail","hentry"],"jetpack_featured_media_url":"https:\/\/muvhaz.orlaihaz.mezobereny.hu\/wp-content\/uploads\/sites\/2\/2025\/08\/OPS_0122_oh.jpg","_links":{"self":[{"href":"https:\/\/muvhaz.orlaihaz.mezobereny.hu\/index.php?rest_route=\/wp\/v2\/posts\/40810"}],"collection":[{"href":"https:\/\/muvhaz.orlaihaz.mezobereny.hu\/index.php?rest_route=\/wp\/v2\/posts"}],"about":[{"href":"https:\/\/muvhaz.orlaihaz.mezobereny.hu\/index.php?rest_route=\/wp\/v2\/types\/post"}],"author":[{"embeddable":true,"href":"https:\/\/muvhaz.orlaihaz.mezobereny.hu\/index.php?rest_route=\/wp\/v2\/users\/2"}],"replies":[{"embeddable":true,"href":"https:\/\/muvhaz.orlaihaz.mezobereny.hu\/index.php?rest_route=%2Fwp%2Fv2%2Fcomments&post=40810"}],"version-history":[{"count":1,"href":"https:\/\/muvhaz.orlaihaz.mezobereny.hu\/index.php?rest_route=\/wp\/v2\/posts\/40810\/revisions"}],"predecessor-version":[{"id":40811,"href":"https:\/\/muvhaz.orlaihaz.mezobereny.hu\/index.php?rest_route=\/wp\/v2\/posts\/40810\/revisions\/40811"}],"wp:featuredmedia":[{"embeddable":true,"href":"https:\/\/muvhaz.orlaihaz.mezobereny.hu\/index.php?rest_route=\/wp\/v2\/media\/40812"}],"wp:attachment":[{"href":"https:\/\/muvhaz.orlaihaz.mezobereny.hu\/index.php?rest_route=%2Fwp%2Fv2%2Fmedia&parent=40810"}],"wp:term":[{"taxonomy":"category","embeddable":true,"href":"https:\/\/muvhaz.orlaihaz.mezobereny.hu\/index.php?rest_route=%2Fwp%2Fv2%2Fcategories&post=40810"},{"taxonomy":"post_tag","embeddable":true,"href":"https:\/\/muvhaz.orlaihaz.mezobereny.hu\/index.php?rest_route=%2Fwp%2Fv2%2Ftags&post=40810"}],"curies":[{"name":"wp","href":"https:\/\/api.w.org\/{rel}","templated":true}]}}