{"id":41005,"date":"2025-10-08T15:33:41","date_gmt":"2025-10-08T13:33:41","guid":{"rendered":"https:\/\/muvhaz.orlaihaz.mezobereny.hu\/?p=41005"},"modified":"2025-10-08T15:33:41","modified_gmt":"2025-10-08T13:33:41","slug":"az-aradi-vertanuk-napja","status":"publish","type":"post","link":"https:\/\/muvhaz.orlaihaz.mezobereny.hu\/?p=41005","title":{"rendered":"Az aradi v\u00e9rtan\u00fak napja"},"content":{"rendered":"<p>Mez\u0151ber\u00e9ny V\u00e1ros \u00d6nkorm\u00e1nyzata \u00e9s az Orlai h\u00e1z okt\u00f3ber 6-\u00e1n megeml\u00e9kez\u00e9st tartott az aradi v\u00e9rtanuk tisztelet\u00e9re a muze\u00e1lis gy\u0171jtem\u00e9ny el\u0151tt. Selmeczi Lajos P\u00e9ter evang\u00e9likus lelk\u00e9sz megeml\u00e9kez\u0151 besz\u00e9d\u00e9ben hangs\u00falyozta, ma t\u00fals\u00e1gosan elszigetelten \u00e9lj\u00fck az \u00e9let\u00fcnket, mindenki a maga boldogul\u00e1s\u00e1t keresi. &nbsp;Ha ez nem siker\u00fcl, akkor k\u00e9ts\u00e9gbe es\u00fcnk, \u00e9s gy\u00e1szoljuk vesztes\u00e9geinket \u00e9s magunkat is. Ha felid\u00e9zz\u00fck az aradi v\u00e9rtan\u00fak utols\u00f3 \u00f3r\u00e1it, olyan embereket l\u00e1tunk, akik a felemelt fejjel mennek a r\u00e1juk v\u00e1r\u00f3 sors el\u00e9.&nbsp; Mintha l\u00e1tn\u00e1nak valamit, ami\u00e9rt \u00e9rdemes volt harcukat megv\u00edvni. &nbsp;Ezt a valamit mi \u00fagy fogalmazn\u00e1nk meg, rem\u00e9ny. Abban rem\u00e9nykedtek, hogy a k\u00f6z\u00f6ss\u00e9g\u00fckben \u00e9let\u00fck, harcuk nem volt hi\u00e1ba val\u00f3, azt megszentelt volt, az a j\u00f6v\u0151be mutatott.<\/p>\n<p>&nbsp;<\/p>\n<p>Eml\u00e9km\u0171sorra k\u00f6zrem\u0171k\u00f6dtek a Mez\u0151ber\u00e9nyi Pet\u0151fi S\u00e1ndor Evang\u00e9likus Gimn\u00e1zium, Koll\u00e9gium \u00e9s \u00c1ltal\u00e1nos Iskola di\u00e1kjai. \u0150ket Petrovszkin\u00e9 Toldi Anik\u00f3 tan\u00e1r k\u00e9sz\u00edtette fel. A megeml\u00e9kez\u00e9s v\u00e9g\u00e9n a r\u00e9sztvev\u0151k m\u00e9csest helyeztek el Kossuth Lajos \u00e9s Sz\u00e9chenyi Istv\u00e1n szobr\u00e1n\u00e1l.<\/p>\n<p style=\"text-align: center\"><a href=\"https:\/\/muvhaz.orlaihaz.mezobereny.hu\/index.php\/nggallery\/album\/az-aradi-vertanuk-napja-2025-oktober-6-1?page_id=7899\"><strong>GAL\u00c9RIA<\/strong><\/a><\/p>\n\n\n<p><\/p>\n","protected":false},"excerpt":{"rendered":"<p>Mez\u0151ber\u00e9ny V\u00e1ros \u00d6nkorm\u00e1nyzata \u00e9s az Orlai h\u00e1z okt\u00f3ber 6-\u00e1n megeml\u00e9kez\u00e9st tartott az aradi v\u00e9rtanuk tisztelet\u00e9re a muze\u00e1lis gy\u0171jtem\u00e9ny el\u0151tt. Selmeczi Lajos P\u00e9ter evang\u00e9likus lelk\u00e9sz megeml\u00e9kez\u0151 besz\u00e9d\u00e9ben hangs\u00falyozta, ma t\u00fals\u00e1gosan elszigetelten [&hellip;]<\/p>\n","protected":false},"author":2,"featured_media":41007,"comment_status":"closed","ping_status":"open","sticky":false,"template":"","format":"standard","meta":{"site-sidebar-layout":"default","site-content-layout":"","ast-site-content-layout":"","site-content-style":"default","site-sidebar-style":"default","ast-global-header-display":"","ast-banner-title-visibility":"","ast-main-header-display":"","ast-hfb-above-header-display":"","ast-hfb-below-header-display":"","ast-hfb-mobile-header-display":"","site-post-title":"","ast-breadcrumbs-content":"","ast-featured-img":"","footer-sml-layout":"","theme-transparent-header-meta":"","adv-header-id-meta":"","stick-header-meta":"","header-above-stick-meta":"","header-main-stick-meta":"","header-below-stick-meta":"","astra-migrate-meta-layouts":"default","ast-page-background-enabled":"default","ast-page-background-meta":{"desktop":{"background-color":"var(--ast-global-color-4)","background-image":"","background-repeat":"repeat","background-position":"center center","background-size":"auto","background-attachment":"scroll","background-type":"","background-media":"","overlay-type":"","overlay-color":"","overlay-opacity":"","overlay-gradient":""},"tablet":{"background-color":"","background-image":"","background-repeat":"repeat","background-position":"center center","background-size":"auto","background-attachment":"scroll","background-type":"","background-media":"","overlay-type":"","overlay-color":"","overlay-opacity":"","overlay-gradient":""},"mobile":{"background-color":"","background-image":"","background-repeat":"repeat","background-position":"center center","background-size":"auto","background-attachment":"scroll","background-type":"","background-media":"","overlay-type":"","overlay-color":"","overlay-opacity":"","overlay-gradient":""}},"ast-content-background-meta":{"desktop":{"background-color":"var(--ast-global-color-5)","background-image":"","background-repeat":"repeat","background-position":"center center","background-size":"auto","background-attachment":"scroll","background-type":"","background-media":"","overlay-type":"","overlay-color":"","overlay-opacity":"","overlay-gradient":""},"tablet":{"background-color":"var(--ast-global-color-5)","background-image":"","background-repeat":"repeat","background-position":"center center","background-size":"auto","background-attachment":"scroll","background-type":"","background-media":"","overlay-type":"","overlay-color":"","overlay-opacity":"","overlay-gradient":""},"mobile":{"background-color":"var(--ast-global-color-5)","background-image":"","background-repeat":"repeat","background-position":"center center","background-size":"auto","background-attachment":"scroll","background-type":"","background-media":"","overlay-type":"","overlay-color":"","overlay-opacity":"","overlay-gradient":""}},"ngg_post_thumbnail":0,"footnotes":""},"categories":[1],"tags":[],"class_list":["post-41005","post","type-post","status-publish","format-standard","has-post-thumbnail","hentry"],"jetpack_featured_media_url":"https:\/\/muvhaz.orlaihaz.mezobereny.hu\/wp-content\/uploads\/sites\/2\/2025\/10\/OPS_0028_oh.jpg","_links":{"self":[{"href":"https:\/\/muvhaz.orlaihaz.mezobereny.hu\/index.php?rest_route=\/wp\/v2\/posts\/41005"}],"collection":[{"href":"https:\/\/muvhaz.orlaihaz.mezobereny.hu\/index.php?rest_route=\/wp\/v2\/posts"}],"about":[{"href":"https:\/\/muvhaz.orlaihaz.mezobereny.hu\/index.php?rest_route=\/wp\/v2\/types\/post"}],"author":[{"embeddable":true,"href":"https:\/\/muvhaz.orlaihaz.mezobereny.hu\/index.php?rest_route=\/wp\/v2\/users\/2"}],"replies":[{"embeddable":true,"href":"https:\/\/muvhaz.orlaihaz.mezobereny.hu\/index.php?rest_route=%2Fwp%2Fv2%2Fcomments&post=41005"}],"version-history":[{"count":1,"href":"https:\/\/muvhaz.orlaihaz.mezobereny.hu\/index.php?rest_route=\/wp\/v2\/posts\/41005\/revisions"}],"predecessor-version":[{"id":41006,"href":"https:\/\/muvhaz.orlaihaz.mezobereny.hu\/index.php?rest_route=\/wp\/v2\/posts\/41005\/revisions\/41006"}],"wp:featuredmedia":[{"embeddable":true,"href":"https:\/\/muvhaz.orlaihaz.mezobereny.hu\/index.php?rest_route=\/wp\/v2\/media\/41007"}],"wp:attachment":[{"href":"https:\/\/muvhaz.orlaihaz.mezobereny.hu\/index.php?rest_route=%2Fwp%2Fv2%2Fmedia&parent=41005"}],"wp:term":[{"taxonomy":"category","embeddable":true,"href":"https:\/\/muvhaz.orlaihaz.mezobereny.hu\/index.php?rest_route=%2Fwp%2Fv2%2Fcategories&post=41005"},{"taxonomy":"post_tag","embeddable":true,"href":"https:\/\/muvhaz.orlaihaz.mezobereny.hu\/index.php?rest_route=%2Fwp%2Fv2%2Ftags&post=41005"}],"curies":[{"name":"wp","href":"https:\/\/api.w.org\/{rel}","templated":true}]}}