{"id":41053,"date":"2025-10-10T16:59:41","date_gmt":"2025-10-10T14:59:41","guid":{"rendered":"https:\/\/muvhaz.orlaihaz.mezobereny.hu\/?p=41053"},"modified":"2025-10-10T16:59:41","modified_gmt":"2025-10-10T14:59:41","slug":"20-eves-a-color-fotoklub","status":"publish","type":"post","link":"https:\/\/muvhaz.orlaihaz.mezobereny.hu\/?p=41053","title":{"rendered":"20 \u00e9ves a Color Fot\u00f3klub"},"content":{"rendered":"<p>Az Orsz\u00e1gos K\u00f6nyvt\u00e1ri Napok keret\u00e9ben \u201eKedvenceink t\u00f6red\u00e9ke\u201d c\u00edmmel a 20 \u00e9ve alakult Color Fot\u00f3klub ki\u00e1ll\u00edt\u00e1s\u00e1t nyitotta meg K\u00f6r\u00f6si Mih\u00e1ly, a B\u00e9k\u00e9s V\u00e1rmegyei Helyt\u00f6rt\u00e9neti Egyes\u00fclet eln\u00f6ke 2025. okt\u00f3ber 9-\u00e9n az Orlai h\u00e1zban.&nbsp;<\/p>\n<p>&nbsp;<\/p>\n<p>A klub 2005-ben alakult meg n\u00e9h\u00e1ny f\u00e9nyk\u00e9pez\u00e9st kedvel\u0151 helyi lakos kezdem\u00e9nyez\u00e9s\u00e9re, V\u00e1gv\u00f6lgyi Mih\u00e1ly fot\u00f3m\u0171v\u00e9sz vezet\u00e9s\u00e9vel. A k\u00f6z\u00f6ss\u00e9g \u00f6sszetart\u00f3 ereje a fot\u00f3z\u00e1s szeretete, a pillanat meg\u00f6r\u00f6k\u00edt\u00e9s\u00e9nek sz\u00e1nd\u00e9ka, a sz\u0171kebb p\u00e1tri\u00e1juk \u00e9rt\u00e9keinek, esem\u00e9nyeinek, programjainak dokument\u00e1l\u00e1sa.&nbsp; Els\u0151 alkalommal fenn\u00e1ll\u00e1suk 10 \u00e9ves \u00e9vfordul\u00f3j\u00e1t \u00fcnnepelt\u00e9k meg 2015-ben egy ki\u00e1ll\u00edt\u00e1ssal, k\u00e9s\u0151bb m\u00e1r k\u00e9sz\u00fcltek a 15. \u00e9vfordul\u00f3ra is. Ekkor vezet\u0151j\u00fck v\u00e1ratlanul elt\u00e1vozott k\u00f6z\u00fcl\u00fck, \u00e9s ezzel nagy \u0171rt hagyott maga ut\u00e1n. Most a 20. \u00e9vfordul\u00f3jukon az \u0151 eml\u00e9k\u00e9nek is ad\u00f3znak azzal, hogy ism\u00e9t a nagyk\u00f6z\u00f6ns\u00e9g el\u00e9 t\u00e1rj\u00e1k alkot\u00e1saikat.<\/p>\n<p>&nbsp;<\/p>\n<p>K\u00f6r\u00f6si Mih\u00e1ly megnyit\u00f3j\u00e1ban hangs\u00falyozta, tal\u00e1l\u00f3 a ki\u00e1ll\u00edt\u00e1s c\u00edme: \u201eKedvenceink t\u00f6red\u00e9ke\u201d. Sz\u00e1m\u00e1ra fontos \u00fczenetet hordoz 15 fot\u00f3s h\u00e1rom-h\u00e1rom k\u00e9pe. Egyr\u00e9szt azt, hogy az alkot\u00f3k a sz\u00e1mukra kedves k\u00e9peiket mutatj\u00e1k be, m\u00e1sr\u00e9szt azt is \u00e1ll\u00edtj\u00e1k, hogy ez a n\u00e9h\u00e1ny fot\u00f3 csup\u00e1n a t\u00f6red\u00e9ke munk\u00e1juknak. \u0150k tizen\u00f6ten nemcsak a sz\u00e9ps\u00e9gben gy\u00f6ny\u00f6rk\u00f6d\u00e9s \u00e9lm\u00e9ny\u00e9t hozt\u00e1k el a l\u00e1togat\u00f3knak, hanem p\u00e9ld\u00e1t mutatnak t\u00e9mav\u00e1laszt\u00e1sra, l\u00e1t\u00e1sm\u00f3dra, technik\u00e1ra. &nbsp;A ki\u00e1ll\u00edt\u00f3k magukr\u00f3l \u00fagy fogalmaznak, c\u00e9ljuk mindig az volt, hogy meg\u00e1lljanak egy-egy pillanatra \u00e9s m\u00e1soknak is megmutass\u00e1k, hogy milyen csod\u00e1latos a minket k\u00f6r\u00fclvev\u0151 \u00e9let. Megnyit\u00f3ja v\u00e9g\u00e9n K\u00f6r\u00f6si Mih\u00e1ly c\u00e9ljuk el\u00e9r\u00e9s\u00e9hez gratul\u00e1lt a fot\u00f3klub tagjainak.<\/p>\n<p>&nbsp;<\/p>\n<p>A ki\u00e1ll\u00edt\u00f3k: Bank\u00f3 P\u00e1l, Baranya R\u00f3za, Cserven\u00e1k J\u00e1nos, F\u00f6ldesi Zsuzsanna, G\u00e1l Andr\u00e1s, Hajd\u00fa Csaba, Horv\u00e1th Gy\u00f6rgy, Kis M\u00f3nika, Lesty\u00e1n \u00c1d\u00e1m, Liszkai S\u00e1ndorn\u00e9, Mendel Erzs\u00e9bet, Pappn\u00e9 K\u0151szegi Ilona, Pint\u00e9r Zolt\u00e1nn\u00e9, Wagner M\u00e1rton, Zolnai Gy\u00f6rgyn\u00e9.<\/p>\n<p>&nbsp;<\/p>\n<p>A megnyit\u00f3n \u00e9nekkel k\u00f6zrem\u0171k\u00f6d\u00f6tt Makra P\u00e9ter.<\/p>\n<p>&nbsp;<\/p>\n<p>Nagyn\u00e9 T\u00fari Andrea vir\u00e1ggal k\u00f6sz\u00f6nt\u00f6tte a klub \u00faj vezet\u0151j\u00e9t, Pint\u00e9r Zolt\u00e1nn\u00e9t.<\/p>\n<p>&nbsp;<\/p>\n<p>A t\u00e1rlat megtekinthet\u0151 \u2013 az int\u00e9zm\u00e9ny nyitvatart\u00e1si idej\u00e9ben \u2013 2025. november 7-ig.<\/p>\n<p>&nbsp;<\/p>\n<p style=\"text-align: center\"><a href=\"https:\/\/muvhaz.orlaihaz.mezobereny.hu\/index.php\/nggallery\/album\/20-eves-a-color-fotoklub?page_id=7899\">GAL\u00c9RIA<\/a><\/p>\n","protected":false},"excerpt":{"rendered":"<p>Az Orsz\u00e1gos K\u00f6nyvt\u00e1ri Napok keret\u00e9ben \u201eKedvenceink t\u00f6red\u00e9ke\u201d c\u00edmmel a 20 \u00e9ve alakult Color Fot\u00f3klub ki\u00e1ll\u00edt\u00e1s\u00e1t nyitotta meg K\u00f6r\u00f6si Mih\u00e1ly, a B\u00e9k\u00e9s V\u00e1rmegyei Helyt\u00f6rt\u00e9neti Egyes\u00fclet eln\u00f6ke 2025. okt\u00f3ber 9-\u00e9n az Orlai [&hellip;]<\/p>\n","protected":false},"author":2,"featured_media":41055,"comment_status":"closed","ping_status":"open","sticky":false,"template":"","format":"standard","meta":{"site-sidebar-layout":"default","site-content-layout":"","ast-site-content-layout":"","site-content-style":"default","site-sidebar-style":"default","ast-global-header-display":"","ast-banner-title-visibility":"","ast-main-header-display":"","ast-hfb-above-header-display":"","ast-hfb-below-header-display":"","ast-hfb-mobile-header-display":"","site-post-title":"","ast-breadcrumbs-content":"","ast-featured-img":"","footer-sml-layout":"","theme-transparent-header-meta":"","adv-header-id-meta":"","stick-header-meta":"","header-above-stick-meta":"","header-main-stick-meta":"","header-below-stick-meta":"","astra-migrate-meta-layouts":"default","ast-page-background-enabled":"default","ast-page-background-meta":{"desktop":{"background-color":"var(--ast-global-color-4)","background-image":"","background-repeat":"repeat","background-position":"center center","background-size":"auto","background-attachment":"scroll","background-type":"","background-media":"","overlay-type":"","overlay-color":"","overlay-opacity":"","overlay-gradient":""},"tablet":{"background-color":"","background-image":"","background-repeat":"repeat","background-position":"center center","background-size":"auto","background-attachment":"scroll","background-type":"","background-media":"","overlay-type":"","overlay-color":"","overlay-opacity":"","overlay-gradient":""},"mobile":{"background-color":"","background-image":"","background-repeat":"repeat","background-position":"center center","background-size":"auto","background-attachment":"scroll","background-type":"","background-media":"","overlay-type":"","overlay-color":"","overlay-opacity":"","overlay-gradient":""}},"ast-content-background-meta":{"desktop":{"background-color":"var(--ast-global-color-5)","background-image":"","background-repeat":"repeat","background-position":"center center","background-size":"auto","background-attachment":"scroll","background-type":"","background-media":"","overlay-type":"","overlay-color":"","overlay-opacity":"","overlay-gradient":""},"tablet":{"background-color":"var(--ast-global-color-5)","background-image":"","background-repeat":"repeat","background-position":"center center","background-size":"auto","background-attachment":"scroll","background-type":"","background-media":"","overlay-type":"","overlay-color":"","overlay-opacity":"","overlay-gradient":""},"mobile":{"background-color":"var(--ast-global-color-5)","background-image":"","background-repeat":"repeat","background-position":"center center","background-size":"auto","background-attachment":"scroll","background-type":"","background-media":"","overlay-type":"","overlay-color":"","overlay-opacity":"","overlay-gradient":""}},"ngg_post_thumbnail":0,"footnotes":""},"categories":[1],"tags":[],"class_list":["post-41053","post","type-post","status-publish","format-standard","has-post-thumbnail","hentry"],"jetpack_featured_media_url":"https:\/\/muvhaz.orlaihaz.mezobereny.hu\/wp-content\/uploads\/sites\/2\/2025\/10\/OPS_0053_oh.jpg","_links":{"self":[{"href":"https:\/\/muvhaz.orlaihaz.mezobereny.hu\/index.php?rest_route=\/wp\/v2\/posts\/41053"}],"collection":[{"href":"https:\/\/muvhaz.orlaihaz.mezobereny.hu\/index.php?rest_route=\/wp\/v2\/posts"}],"about":[{"href":"https:\/\/muvhaz.orlaihaz.mezobereny.hu\/index.php?rest_route=\/wp\/v2\/types\/post"}],"author":[{"embeddable":true,"href":"https:\/\/muvhaz.orlaihaz.mezobereny.hu\/index.php?rest_route=\/wp\/v2\/users\/2"}],"replies":[{"embeddable":true,"href":"https:\/\/muvhaz.orlaihaz.mezobereny.hu\/index.php?rest_route=%2Fwp%2Fv2%2Fcomments&post=41053"}],"version-history":[{"count":1,"href":"https:\/\/muvhaz.orlaihaz.mezobereny.hu\/index.php?rest_route=\/wp\/v2\/posts\/41053\/revisions"}],"predecessor-version":[{"id":41054,"href":"https:\/\/muvhaz.orlaihaz.mezobereny.hu\/index.php?rest_route=\/wp\/v2\/posts\/41053\/revisions\/41054"}],"wp:featuredmedia":[{"embeddable":true,"href":"https:\/\/muvhaz.orlaihaz.mezobereny.hu\/index.php?rest_route=\/wp\/v2\/media\/41055"}],"wp:attachment":[{"href":"https:\/\/muvhaz.orlaihaz.mezobereny.hu\/index.php?rest_route=%2Fwp%2Fv2%2Fmedia&parent=41053"}],"wp:term":[{"taxonomy":"category","embeddable":true,"href":"https:\/\/muvhaz.orlaihaz.mezobereny.hu\/index.php?rest_route=%2Fwp%2Fv2%2Fcategories&post=41053"},{"taxonomy":"post_tag","embeddable":true,"href":"https:\/\/muvhaz.orlaihaz.mezobereny.hu\/index.php?rest_route=%2Fwp%2Fv2%2Ftags&post=41053"}],"curies":[{"name":"wp","href":"https:\/\/api.w.org\/{rel}","templated":true}]}}