{"id":41328,"date":"2025-12-10T08:33:25","date_gmt":"2025-12-10T07:33:25","guid":{"rendered":"https:\/\/muvhaz.orlaihaz.mezobereny.hu\/?p=41328"},"modified":"2025-12-10T08:33:25","modified_gmt":"2025-12-10T07:33:25","slug":"gyozott-ancsin-laszlo-fugepalinkaja","status":"publish","type":"post","link":"https:\/\/muvhaz.orlaihaz.mezobereny.hu\/?p=41328","title":{"rendered":"Gy\u0151z\u00f6tt Ancsin L\u00e1szl\u00f3 f\u00fcgep\u00e1link\u00e1ja"},"content":{"rendered":"<p>Az 5. Mez\u0151ber\u00e9nyi P\u00e1linkaverseny eredm\u00e9ny\u00e9t 2025. december 9-\u00e9n hirdett\u00e9k ki az Orlai h\u00e1zban, az \u00f6ttag\u00fa zs\u0171ri december 3-\u00e1n b\u00edr\u00e1lta el a 13 nevez\u0151 \u00f6tven p\u00e1rlat\u00e1t. A zs\u0171ri tagjai k\u00f6z\u00fcl Bokor S\u00e1ndor v\u0151f\u00e9ly \u00e9s Sz\u00e1sz \u00c1ron, a \u201eNyald meg a kanalam!\u201d Egyes\u00fclet eln\u00f6ke adta \u00e1t a&nbsp; d\u00edjakat.<\/p>\n<p>&nbsp;<\/p>\n<p>Bokor S\u00e1ndor elmondta, a rangsorban a szilvap\u00e1link\u00e1k most h\u00e1tr\u00e9bb szorultak, siker\u00fcltebb lett p\u00e9ld\u00e1ul a z\u00f6lddi\u00f3 \u00e9s a szam\u00f3ca. Gratul\u00e1lt valamennyi r\u00e9sztvev\u0151nek, mint megfogalmazta, a p\u00e1linka f\u0151zet\u00e9se hosszabb, munkaig\u00e9nyes folyamat, hiszen a gy\u00fcm\u00f6lcs\u00f6k nagy r\u00e9sz\u00e9t magvalni sz\u00fcks\u00e9ges, illetve a cerfr\u00e9t kezelni, \u00e9rlelni kell.<\/p>\n<p>&nbsp;<\/p>\n<p>A b\u00edr\u00e1l\u00f3k a legfinomabbnak Ancsin L\u00e1szl\u00f3 48 fokos f\u00fcgep\u00e1link\u00e1j\u00e1t tal\u00e1lt\u00e1k, \u00edgy \u0151 lett az els\u0151. A m\u00e1sodik helyez\u00e9st a szeghalmi Evetovics Bal\u00e1zs nyerte el szam\u00f3cap\u00e1rlat\u00e1val, a harmadik helyet is \u0151 szerezte meg vilmosk\u00f6rt\u00e9vel. K\u00fcl\u00f6nd\u00edjat kapott Gyomaendr\u0151dr\u0151l Bartha K\u00e1roly szilvacuvee-je, illetve a szint\u00e9n gyomaendr\u0151di Giricz L\u00e1szl\u00f3 k\u00e9t elismer\u00e9st is kapott, a z\u00f6lddi\u00f3- \u00e9s a csipkebogy\u00f3p\u00e1rlat\u00e1ra.<\/p>\n<p>&nbsp;<\/p>\n<p>A d\u00edj\u00e1tad\u00f3n \u00e9nekkel k\u00f6zrem\u0171k\u00f6d\u00f6tt Makra P\u00e9ter, st\u00edlszer\u0171en a Magna Cum Laude P\u00e1linka dal\u00e1t adta el\u0151.<\/p>\n<p>&nbsp;<\/p>\n\n\n<p class=\"has-text-align-center\"><strong><a href=\"https:\/\/muvhaz.orlaihaz.mezobereny.hu\/index.php\/nggallery\/album\/gyozott-ancsin-laszlo-fugepalinkaja-2025-december-9?page_id=7899\">GAL\u00c9RIA<\/a><\/strong><\/p>\n","protected":false},"excerpt":{"rendered":"<p>Az 5. Mez\u0151ber\u00e9nyi P\u00e1linkaverseny eredm\u00e9ny\u00e9t 2025. december 9-\u00e9n hirdett\u00e9k ki az Orlai h\u00e1zban, az \u00f6ttag\u00fa zs\u0171ri december 3-\u00e1n b\u00edr\u00e1lta el a 13 nevez\u0151 \u00f6tven p\u00e1rlat\u00e1t. A zs\u0171ri tagjai k\u00f6z\u00fcl Bokor [&hellip;]<\/p>\n","protected":false},"author":2,"featured_media":41330,"comment_status":"closed","ping_status":"open","sticky":false,"template":"","format":"standard","meta":{"site-sidebar-layout":"default","site-content-layout":"","ast-site-content-layout":"","site-content-style":"default","site-sidebar-style":"default","ast-global-header-display":"","ast-banner-title-visibility":"","ast-main-header-display":"","ast-hfb-above-header-display":"","ast-hfb-below-header-display":"","ast-hfb-mobile-header-display":"","site-post-title":"","ast-breadcrumbs-content":"","ast-featured-img":"","footer-sml-layout":"","theme-transparent-header-meta":"","adv-header-id-meta":"","stick-header-meta":"","header-above-stick-meta":"","header-main-stick-meta":"","header-below-stick-meta":"","astra-migrate-meta-layouts":"default","ast-page-background-enabled":"default","ast-page-background-meta":{"desktop":{"background-color":"var(--ast-global-color-4)","background-image":"","background-repeat":"repeat","background-position":"center center","background-size":"auto","background-attachment":"scroll","background-type":"","background-media":"","overlay-type":"","overlay-color":"","overlay-opacity":"","overlay-gradient":""},"tablet":{"background-color":"","background-image":"","background-repeat":"repeat","background-position":"center center","background-size":"auto","background-attachment":"scroll","background-type":"","background-media":"","overlay-type":"","overlay-color":"","overlay-opacity":"","overlay-gradient":""},"mobile":{"background-color":"","background-image":"","background-repeat":"repeat","background-position":"center center","background-size":"auto","background-attachment":"scroll","background-type":"","background-media":"","overlay-type":"","overlay-color":"","overlay-opacity":"","overlay-gradient":""}},"ast-content-background-meta":{"desktop":{"background-color":"var(--ast-global-color-5)","background-image":"","background-repeat":"repeat","background-position":"center center","background-size":"auto","background-attachment":"scroll","background-type":"","background-media":"","overlay-type":"","overlay-color":"","overlay-opacity":"","overlay-gradient":""},"tablet":{"background-color":"var(--ast-global-color-5)","background-image":"","background-repeat":"repeat","background-position":"center center","background-size":"auto","background-attachment":"scroll","background-type":"","background-media":"","overlay-type":"","overlay-color":"","overlay-opacity":"","overlay-gradient":""},"mobile":{"background-color":"var(--ast-global-color-5)","background-image":"","background-repeat":"repeat","background-position":"center center","background-size":"auto","background-attachment":"scroll","background-type":"","background-media":"","overlay-type":"","overlay-color":"","overlay-opacity":"","overlay-gradient":""}},"ngg_post_thumbnail":0,"footnotes":""},"categories":[1],"tags":[],"class_list":["post-41328","post","type-post","status-publish","format-standard","has-post-thumbnail","hentry"],"jetpack_featured_media_url":"https:\/\/muvhaz.orlaihaz.mezobereny.hu\/wp-content\/uploads\/sites\/2\/2025\/12\/OPS_0064_oh-scaled.jpg","_links":{"self":[{"href":"https:\/\/muvhaz.orlaihaz.mezobereny.hu\/index.php?rest_route=\/wp\/v2\/posts\/41328"}],"collection":[{"href":"https:\/\/muvhaz.orlaihaz.mezobereny.hu\/index.php?rest_route=\/wp\/v2\/posts"}],"about":[{"href":"https:\/\/muvhaz.orlaihaz.mezobereny.hu\/index.php?rest_route=\/wp\/v2\/types\/post"}],"author":[{"embeddable":true,"href":"https:\/\/muvhaz.orlaihaz.mezobereny.hu\/index.php?rest_route=\/wp\/v2\/users\/2"}],"replies":[{"embeddable":true,"href":"https:\/\/muvhaz.orlaihaz.mezobereny.hu\/index.php?rest_route=%2Fwp%2Fv2%2Fcomments&post=41328"}],"version-history":[{"count":1,"href":"https:\/\/muvhaz.orlaihaz.mezobereny.hu\/index.php?rest_route=\/wp\/v2\/posts\/41328\/revisions"}],"predecessor-version":[{"id":41329,"href":"https:\/\/muvhaz.orlaihaz.mezobereny.hu\/index.php?rest_route=\/wp\/v2\/posts\/41328\/revisions\/41329"}],"wp:featuredmedia":[{"embeddable":true,"href":"https:\/\/muvhaz.orlaihaz.mezobereny.hu\/index.php?rest_route=\/wp\/v2\/media\/41330"}],"wp:attachment":[{"href":"https:\/\/muvhaz.orlaihaz.mezobereny.hu\/index.php?rest_route=%2Fwp%2Fv2%2Fmedia&parent=41328"}],"wp:term":[{"taxonomy":"category","embeddable":true,"href":"https:\/\/muvhaz.orlaihaz.mezobereny.hu\/index.php?rest_route=%2Fwp%2Fv2%2Fcategories&post=41328"},{"taxonomy":"post_tag","embeddable":true,"href":"https:\/\/muvhaz.orlaihaz.mezobereny.hu\/index.php?rest_route=%2Fwp%2Fv2%2Ftags&post=41328"}],"curies":[{"name":"wp","href":"https:\/\/api.w.org\/{rel}","templated":true}]}}