{"id":41868,"date":"2026-03-13T18:29:07","date_gmt":"2026-03-13T17:29:07","guid":{"rendered":"https:\/\/muvhaz.orlaihaz.mezobereny.hu\/?p=41868"},"modified":"2026-03-18T11:37:45","modified_gmt":"2026-03-18T10:37:45","slug":"vagvolgyi-mihaly-emlekkiallitasa-2","status":"publish","type":"post","link":"https:\/\/muvhaz.orlaihaz.mezobereny.hu\/?p=41868","title":{"rendered":"V\u00e1gv\u00f6lgyi Mih\u00e1ly eml\u00e9kki\u00e1ll\u00edt\u00e1sa"},"content":{"rendered":"\n<p>A Mez\u0151ber\u00e9nyi Color Fot\u00f3klub eml\u00e9kki\u00e1ll\u00edt\u00e1st rendezett V\u00e1gv\u00f6lgyi Mih\u00e1ly fotogr\u00e1fus hal\u00e1l\u00e1nak 5. \u00e9vfordul\u00f3j\u00e1nak alkalm\u00e1b\u00f3l az Orlai h\u00e1zban. A 2026. m\u00e1rcius 13-ai megnyit\u00f3n K\u00f6r\u00f6si Mih\u00e1ly helyt\u00f6rt\u00e9n\u00e9sz, nyugalmazott pedag\u00f3gus, volt alpolg\u00e1rmester besz\u00e9d\u00e9ben kifejtette, V\u00e1gv\u00f6lgyi Mih\u00e1ly elismerts\u00e9g\u00e9t jelzi, hogy tagja volt aMagyar Fot\u00f3m\u0171v\u00e9szek Vil\u00e1gsz\u00f6vets\u00e9g\u00e9nek, a Nikol\u00e1s M\u00fcller FIAP Region\u00e1lis Fot\u00f3m\u0171v\u00e9szeti M\u0171helynek, illetve 2020-ban megkapta a Magyar Fot\u00f3m\u0171v\u00e9szeti Alkot\u00f3csoportok Orsz\u00e1gos Sz\u00f6vets\u00e9ge <em>Szolg\u00e1lati Kiv\u00e1l\u00f3s\u00e1ga<\/em> d\u00edjat. Munk\u00e1ss\u00e1ga elismer\u00e9sek\u00e9nt a Mez\u0151ber\u00e9nyi Telep\u00fcl\u00e9si \u00c9rt\u00e9kt\u00e1rba is beker\u00fclt, ami jelzi, hogy a helyi k\u00f6z\u00f6ss\u00e9g sz\u00e1m\u00e1ra \u00e9rt\u00e9kes munk\u00e1t v\u00e9gzett. Fot\u00f3s t\u00e9m\u00e1i soksz\u00edn\u0171ek, a term\u00e9szet sz\u00e9ps\u00e9g\u00e9t, a mindennapi \u00e9let pillanatait is \u00f6r\u00f6mmel \u00f6r\u00f6k\u00edtette meg, de kiemelkedik k\u00f6z\u00fcl\u00fck a K\u00e1rp\u00e1t-medence Pet\u0151fi-szobrainak meg\u00f6r\u00f6k\u00edt\u00e9se. A sors k\u00fcl\u00f6n\u00f6s \u00e9s f\u00e1jdalmas fintora, hogy \u00e9ppen m\u00e1rcius 15-\u00e9n, Pet\u0151fi \u00fcnnep\u00e9n hagyott itt benn\u00fcnket, imm\u00e1r \u00f6t \u00e9ve. A gyulai Sz\u00e9kely Alad\u00e1r Fot\u00f3klubhoz 1984-ben csatlakozott, a Color Fot\u00f3klub alapjait 2005-ben Pappn\u00e9 K\u0151szegi Ilon\u00e1val k\u00f6z\u00f6sen fektett\u00e9k le, \u00e9s m\u00e1sf\u00e9l \u00e9vtizedig vezette munk\u00e1jukat.<\/p>\n\n\n\n<p>B\u00e1nfi Barnab\u00e1s, a gyulai Sz\u00e9kely Alad\u00e1r Fot\u00f3klub vezet\u0151je eml\u00e9kezett V\u00e1gv\u00f6lgyi Mih\u00e1lyra. Elmondta, V\u00e1gv\u00f6lgyi Mih\u00e1llyal 1983-ban ismert\u00e9k meg egym\u00e1st feles\u00e9geik \u00e1ltal. Nagyon j\u00f3 embernek ismerte meg, ez a v\u00e9lem\u00e9nye az \u00e9vek alatt csak pozit\u00edv ir\u00e1nyba v\u00e1ltozott. Pontos \u00e9s prec\u00edz embernek ismerte mind munk\u00e1ban, mind az \u00e9let t\u00f6bbi ter\u00fclet\u00e9n. A tov\u00e1bbiakban k\u00f6z\u00f6s \u00e9lm\u00e9nyeikr\u0151l besz\u00e9lt, t\u00f6bbek k\u00f6z\u00f6tt kolt\u00f3i, belgiumi, luxemburgi, p\u00e1rizsi utaz\u00e1saikr\u00f3l. Kiemelte, a Color Fot\u00f3klub V\u00e1gv\u00f6lgyi Mih\u00e1ly szeretetgyereke volt.<\/p>\n\n\n\n<p>A t\u00e1rlat megtekinthet\u0151 \u2013 az int\u00e9zm\u00e9ny nyitvatart\u00e1si idej\u00e9ben \u2013 2026. \u00e1prilis 10-ig.<\/p>\n\n\n\n<p class=\"has-text-align-center\"><strong><a href=\"https:\/\/muvhaz.orlaihaz.mezobereny.hu\/index.php\/nggallery\/album\/vagvolgyi-mihaly-emlekkiallitas?page_id=7899\">Gal\u00e9ria<\/a><\/strong><\/p>\n\n\n\n<p><\/p>\n","protected":false},"excerpt":{"rendered":"<p>A Mez\u0151ber\u00e9nyi Color Fot\u00f3klub eml\u00e9kki\u00e1ll\u00edt\u00e1st rendezett V\u00e1gv\u00f6lgyi Mih\u00e1ly fotogr\u00e1fus hal\u00e1l\u00e1nak 5. \u00e9vfordul\u00f3j\u00e1nak alkalm\u00e1b\u00f3l az Orlai h\u00e1zban. A 2026. m\u00e1rcius 13-ai megnyit\u00f3n K\u00f6r\u00f6si Mih\u00e1ly helyt\u00f6rt\u00e9n\u00e9sz, nyugalmazott pedag\u00f3gus, volt alpolg\u00e1rmester besz\u00e9d\u00e9ben kifejtette, [&hellip;]<\/p>\n","protected":false},"author":1,"featured_media":41888,"comment_status":"closed","ping_status":"open","sticky":false,"template":"","format":"standard","meta":{"site-sidebar-layout":"default","site-content-layout":"","ast-site-content-layout":"","site-content-style":"default","site-sidebar-style":"default","ast-global-header-display":"","ast-banner-title-visibility":"","ast-main-header-display":"","ast-hfb-above-header-display":"","ast-hfb-below-header-display":"","ast-hfb-mobile-header-display":"","site-post-title":"","ast-breadcrumbs-content":"","ast-featured-img":"","footer-sml-layout":"","theme-transparent-header-meta":"","adv-header-id-meta":"","stick-header-meta":"","header-above-stick-meta":"","header-main-stick-meta":"","header-below-stick-meta":"","astra-migrate-meta-layouts":"default","ast-page-background-enabled":"default","ast-page-background-meta":{"desktop":{"background-color":"var(--ast-global-color-4)","background-image":"","background-repeat":"repeat","background-position":"center center","background-size":"auto","background-attachment":"scroll","background-type":"","background-media":"","overlay-type":"","overlay-color":"","overlay-opacity":"","overlay-gradient":""},"tablet":{"background-color":"","background-image":"","background-repeat":"repeat","background-position":"center center","background-size":"auto","background-attachment":"scroll","background-type":"","background-media":"","overlay-type":"","overlay-color":"","overlay-opacity":"","overlay-gradient":""},"mobile":{"background-color":"","background-image":"","background-repeat":"repeat","background-position":"center center","background-size":"auto","background-attachment":"scroll","background-type":"","background-media":"","overlay-type":"","overlay-color":"","overlay-opacity":"","overlay-gradient":""}},"ast-content-background-meta":{"desktop":{"background-color":"var(--ast-global-color-5)","background-image":"","background-repeat":"repeat","background-position":"center center","background-size":"auto","background-attachment":"scroll","background-type":"","background-media":"","overlay-type":"","overlay-color":"","overlay-opacity":"","overlay-gradient":""},"tablet":{"background-color":"var(--ast-global-color-5)","background-image":"","background-repeat":"repeat","background-position":"center center","background-size":"auto","background-attachment":"scroll","background-type":"","background-media":"","overlay-type":"","overlay-color":"","overlay-opacity":"","overlay-gradient":""},"mobile":{"background-color":"var(--ast-global-color-5)","background-image":"","background-repeat":"repeat","background-position":"center center","background-size":"auto","background-attachment":"scroll","background-type":"","background-media":"","overlay-type":"","overlay-color":"","overlay-opacity":"","overlay-gradient":""}},"ngg_post_thumbnail":0,"footnotes":""},"categories":[1],"tags":[],"class_list":["post-41868","post","type-post","status-publish","format-standard","has-post-thumbnail","hentry"],"jetpack_featured_media_url":"https:\/\/muvhaz.orlaihaz.mezobereny.hu\/wp-content\/uploads\/sites\/2\/2026\/03\/OPS_0019_oh-scaled.jpg","_links":{"self":[{"href":"https:\/\/muvhaz.orlaihaz.mezobereny.hu\/index.php?rest_route=\/wp\/v2\/posts\/41868"}],"collection":[{"href":"https:\/\/muvhaz.orlaihaz.mezobereny.hu\/index.php?rest_route=\/wp\/v2\/posts"}],"about":[{"href":"https:\/\/muvhaz.orlaihaz.mezobereny.hu\/index.php?rest_route=\/wp\/v2\/types\/post"}],"author":[{"embeddable":true,"href":"https:\/\/muvhaz.orlaihaz.mezobereny.hu\/index.php?rest_route=\/wp\/v2\/users\/1"}],"replies":[{"embeddable":true,"href":"https:\/\/muvhaz.orlaihaz.mezobereny.hu\/index.php?rest_route=%2Fwp%2Fv2%2Fcomments&post=41868"}],"version-history":[{"count":3,"href":"https:\/\/muvhaz.orlaihaz.mezobereny.hu\/index.php?rest_route=\/wp\/v2\/posts\/41868\/revisions"}],"predecessor-version":[{"id":41920,"href":"https:\/\/muvhaz.orlaihaz.mezobereny.hu\/index.php?rest_route=\/wp\/v2\/posts\/41868\/revisions\/41920"}],"wp:featuredmedia":[{"embeddable":true,"href":"https:\/\/muvhaz.orlaihaz.mezobereny.hu\/index.php?rest_route=\/wp\/v2\/media\/41888"}],"wp:attachment":[{"href":"https:\/\/muvhaz.orlaihaz.mezobereny.hu\/index.php?rest_route=%2Fwp%2Fv2%2Fmedia&parent=41868"}],"wp:term":[{"taxonomy":"category","embeddable":true,"href":"https:\/\/muvhaz.orlaihaz.mezobereny.hu\/index.php?rest_route=%2Fwp%2Fv2%2Fcategories&post=41868"},{"taxonomy":"post_tag","embeddable":true,"href":"https:\/\/muvhaz.orlaihaz.mezobereny.hu\/index.php?rest_route=%2Fwp%2Fv2%2Ftags&post=41868"}],"curies":[{"name":"wp","href":"https:\/\/api.w.org\/{rel}","templated":true}]}}