{"id":41910,"date":"2026-03-15T13:54:29","date_gmt":"2026-03-15T12:54:29","guid":{"rendered":"https:\/\/muvhaz.orlaihaz.mezobereny.hu\/?p=41910"},"modified":"2026-03-18T10:59:54","modified_gmt":"2026-03-18T09:59:54","slug":"varosi-megemlekezes-marcius-15-en","status":"publish","type":"post","link":"https:\/\/muvhaz.orlaihaz.mezobereny.hu\/?p=41910","title":{"rendered":"V\u00e1rosi megeml\u00e9kez\u00e9s m\u00e1rcius 15-\u00e9n"},"content":{"rendered":"\n<p>Az Alf\u00f6ld Turista Egyes\u00fclet az id\u00e9n is megszervezte a m\u00e1r hagyom\u00e1nyos Pet\u0151fi-eml\u00e9kt\u00far\u00e1t. Mik\u00e9nt az elm\u00falt esztend\u0151kben, \u00fagy a r\u00e9sztvev\u0151k 2026. m\u00e1rcius 15-\u00e9n reggel is a N\u00e9pek bar\u00e1ts\u00e1ga-szoborn\u00e1l gy\u00fclekeztek, \u00e9s innen indultak a K\u00f6r\u00f6s-parti eml\u00e9km\u0171h\u00f6z.<\/p>\n\n\n\n<p>Az 1848-49-es forradalom \u00e9s szabads\u00e1gharc 178. \u00e9vfordul\u00f3ja alkalm\u00e1b\u00f3l megtartott v\u00e1rosi \u00fcnneps\u00e9gnek az Orlai h\u00e1z sz\u00ednh\u00e1zterme adott helyet. Itt Sikl\u00f3si Istv\u00e1n polg\u00e1rmester \u00fcnnepi besz\u00e9d\u00e9ben hangs\u00falyozta, az \u00e9vfordul\u00f3s esem\u00e9ny felemel\u0151 pillanata a magyar t\u00f6rt\u00e9nelemnek, nincs m\u00e9g egy olyan \u00fcnnep, amelyet minden politikai ir\u00e1nyzat elfogad kiemelked\u0151 d\u00e1tumnak, b\u00e1r egyesek m\u00e9lt\u00f3s\u00e1ggal, m\u00e1sok forradalmi hev\u00fclettel eml\u00e9keznek meg r\u00f3la. Most tal\u00e1n a forradalmi hev\u00fclet az id\u0151szer\u0171, ugyanis az emberek b\u00e9k\u00e9t akarnak, de nem olyat, amelyet csak nagyar\u00e1ny\u00fa fegyverkez\u00e9ssel lehet fenntartani.&nbsp; Legyen b\u00e9ke, szabads\u00e1g \u00e9s egyet\u00e9rt\u00e9s, ezt fogalmazt\u00e1k meg a m\u00e1rciusi ifjak. Hasonl\u00edt a jelenlegi helyzet az 1848-as forradalom id\u0151szak\u00e1hoz, amikor a szabads\u00e1gra v\u00e1gy\u00f3k ker\u00fcltek a t\u00f6rt\u00e9nelem sodr\u00e1ba. Befejez\u00e9s\u00fcl Sikl\u00f3si Istv\u00e1n megfogalmazta, ma mesters\u00e9ges intelligenci\u00e1val \u00faj vil\u00e1got \u00e9p\u00edt\u00fcnk, de az informatikai forradalom kor\u00e1ban is sz\u00fcks\u00e9g van h\u0151s\u00f6kre, a hagyom\u00e1nyok tisztelet\u00e9re, megeml\u00e9kez\u00e9sre a jeles napokr\u00f3l.&nbsp;&nbsp;<\/p>\n\n\n\n<p>\u00a0A kor\u00e1bbi gyakorlatnak megfelel\u0151en az \u00fcnnep alkalm\u00e1b\u00f3l most is elismer\u00e9seket adtak \u00e1t az Orlai h\u00e1z sz\u00ednh\u00e1zterm\u00e9ben. Az \u00f6nkorm\u00e1nyzat d\u00f6nt\u00e9se \u00e9rtelm\u00e9ben az egyes szakter\u00fcleteken kiemelt tev\u00e9kenys\u00e9get v\u00e9gz\u0151k munk\u00e1j\u00e1t ismert\u00e9k el n\u00e9gy kateg\u00f3ri\u00e1ban. A kit\u00fcntetettek m\u00e9ltat\u00e1s\u00e1t Guly\u00e1sn\u00e9 dr. S\u00e1li Henrietta aljegyz\u0151 olvasta fel.<\/p>\n\n\n\n<p>A \u201eMez\u0151ber\u00e9ny Kult\u00far\u00e1j\u00e1\u00e9rt, Nemzetis\u00e9gi Kult\u00far\u00e1j\u00e1\u00e9rt\u201d elismer\u0151 c\u00edmet Frei Zita Gabriella, a N\u00e9met Nemzetis\u00e9gi \u00d6nkorm\u00e1nyzat, Mez\u0151ber\u00e9ny \u00e9s a N\u00e9met Hagyom\u00e1ny\u00e1pol\u00f3 Egyes\u00fclet eln\u00f6ke kapta. \u00d3v\u00f3n\u0151i hivat\u00e1sa sor\u00e1n m\u00e1r p\u00e1ly\u00e1ja kezdet\u00e9n elk\u00f6telez\u0151d\u00f6tt az \u00e9rt\u00e9k\u00e1tad\u00e1s \u00e9s a k\u00f6z\u00f6ss\u00e9gi identit\u00e1s er\u0151s\u00edt\u00e9se mellett. Ezt az elhivatotts\u00e1got vitte tov\u00e1bb, amikor elv\u00e1llalta a mez\u0151ber\u00e9nyi n\u00e9met nemzetis\u00e9gi \u00f6nkorm\u00e1nyzat eln\u00f6ki feladatait<strong>. <\/strong>Munk\u00e1ja sor\u00e1n hidat teremtett gener\u00e1ci\u00f3k k\u00f6z\u00f6tt, \u00f6sszefogta az int\u00e9zm\u00e9nyeket, civil szerepl\u0151ket \u00e9s k\u00f6z\u00f6ss\u00e9gi tagokat. K\u00e9s\u0151bb a N\u00e9met Hagyom\u00e1ny\u00e1pol\u00f3 Egyes\u00fclet eln\u00f6kek\u00e9nt tov\u00e1bb er\u0151s\u00edtette ezt a k\u00fcldet\u00e9st. Vezet\u00e9s\u00e9vel az egyes\u00fclet nem csup\u00e1n a m\u00falt \u00e9rt\u00e9keinek meg\u0151rz\u00e9s\u00e9t t\u0171zte ki c\u00e9lul, hanem azok tov\u00e1bbad\u00e1s\u00e1t is. <strong>A<\/strong> m\u00e1r megl\u00e9v\u0151 k\u00f6z\u00f6ss\u00e9gi h\u00e1zban 2021-ben \u00e1tadt\u00e1k a N\u00e9met Nemzetis\u00e9gi Muze\u00e1lis Gy\u0171jtem\u00e9ny \u00e9s K\u00f6z\u00f6ss\u00e9gi Teret, ez p\u00e9lda\u00e9rt\u00e9k\u0171en mutatja be a sv\u00e1bok hagyom\u00e1nyait, eszk\u00f6zeit, majd 2025-ben \u00fcnnep\u00e9lyesen \u00e1tadt\u00e1k a kemenc\u00e9t is. M\u00e9g \u00f3v\u00f3n\u0151i tev\u00e9kenys\u00e9ge mellett ind\u00edtotta el a M\u00e1rton-napi felvonul\u00e1st, amely az\u00f3ta is \u00e9l \u00e9s m\u0171k\u00f6dik, r\u00e9sze a helyi \u00e9rt\u00e9kt\u00e1rnak. Frei Zita Gabriella \u00e9let\u00fatja \u00e9s tev\u00e9kenys\u00e9ge m\u00e9lt\u00f3 p\u00e9ld\u00e1t mutat arra, hogyan lehet a k\u00f6z\u00e9leti szerepet \u00e9s k\u00f6z\u00f6ss\u00e9gi elk\u00f6telez\u0151d\u00e9st egys\u00e9gben, magas sz\u00ednvonalon k\u00e9pviselni. A kult\u00fara, a nemzetis\u00e9gi kult\u00fara ter\u00fclet\u00e9n v\u00e9gzett munk\u00e1ja, a k\u00f6z\u00e9letben v\u00e1llalt szerepe \u00e9s k\u00f6z\u00f6ss\u00e9gi tev\u00e9kenys\u00e9ge alapj\u00e1n a v\u00e1ros \u00f6nkorm\u00e1nyzata a \u201eMez\u0151ber\u00e9ny Kult\u00far\u00e1j\u00e1\u00e9rt, Nemzetis\u00e9gi kult\u00far\u00e1j\u00e1\u00e9rt\u201d elismer\u0151 c\u00edmet adom\u00e1nyozta neki.<\/p>\n\n\n\n<p>A \u201eMez\u0151ber\u00e9ny Eg\u00e9szs\u00e9g\u00fcgy\u00e9\u00e9rt, Szoci\u00e1lis ell\u00e1t\u00e1s\u00e1\u00e9rt\u201d elismer\u0151 c\u00edmben id\u00e9n Raun\u00e9 Heged\u0171s \u00c9va tanyagondnok r\u00e9szes\u00fclt. A szolg\u00e1lat 2014-es l\u00e9trej\u00f6tte \u00f3ta n\u00e9lk\u00fcl\u00f6zhetetlen t\u00e1maszt jelent a k\u00fclter\u00fcleten \u00e9l\u0151knek, \u0151 2018 \u00f3ta t\u00f6lti be ezt a sokr\u00e9t\u0171, nagy bizalmat ig\u00e9nyl\u0151 hivat\u00e1st, amelyet az\u00f3ta is rend\u00edthetetlen elk\u00f6telezetts\u00e9ggel, sz\u00edvvel \u00e9s l\u00e9lekkel v\u00e9gez. Tev\u00e9kenys\u00e9ge Mez\u0151ber\u00e9ny k\u00fclter\u00fclet\u00e9re terjed ki, ahol az elszigetelten \u00e9l\u0151 id\u0151sek, csal\u00e1dok \u00e9s gyermekek mindennapjait seg\u00edti. Feladatai rendk\u00edv\u00fcl szerte\u00e1gaz\u00f3ak: a bev\u00e1s\u00e1rl\u00e1s \u00e9s gy\u00f3gyszerkiv\u00e1lt\u00e1s int\u00e9z\u00e9s\u00e9t\u0151l kezdve az orvoshoz, szakrendel\u00e9sekre, \u00f3vod\u00e1ba vagy iskol\u00e1ba t\u00f6rt\u00e9n\u0151 sz\u00e1ll\u00edt\u00e1son \u00e1t eg\u00e9szen a hivatali \u00fcgyint\u00e9z\u00e9sben val\u00f3 k\u00f6zrem\u0171k\u00f6d\u00e9sig sz\u00e1mos ter\u00fcleten ny\u00fajt t\u00e1mogat\u00e1st. Munk\u00e1ja sor\u00e1n nem csup\u00e1n fizikai seg\u00edts\u00e9get ad, hanem ment\u00e1lis \u00e9s emberi t\u00e1maszt is jelent azoknak, akiknek sokszor \u0151 az egyetlen rendszeres kapcsolatuk a k\u00fclvil\u00e1ggal. Jelenl\u00e9te biztons\u00e1got, kisz\u00e1m\u00edthat\u00f3s\u00e1got \u00e9s emberi m\u00e9lt\u00f3s\u00e1got jelent azok sz\u00e1m\u00e1ra, akik a mez\u0151ber\u00e9nyi tanyavil\u00e1gban \u00e9lnek.<\/p>\n\n\n\n<p>Hivat\u00e1studata, kitart\u00e1sa \u00e9s embers\u00e9ge p\u00e9lda mindannyiunk sz\u00e1m\u00e1ra, \u00e9s m\u00e9lt\u00e1n teszi \u0151t Mez\u0151ber\u00e9ny k\u00f6z\u00f6ss\u00e9g\u00e9nek megbecs\u00fclt tagj\u00e1v\u00e1. A csal\u00e1dok\u00e9rt v\u00e9gzett kiemelked\u0151, p\u00e9lda\u00e9rt\u00e9k\u0171 munk\u00e1ja \u00e9rdemek\u00e9nt \u00e9s kimagasl\u00f3 hivat\u00e1studattal, p\u00e9ldamutat\u00f3 szakmais\u00e1ggal, a lakoss\u00e1g \u00e9rdek\u00e9ben v\u00e9gzett szoci\u00e1lis tev\u00e9kenys\u00e9ge elismer\u00e9sek\u00e9nt a v\u00e1ros k\u00e9pvisel\u0151-test\u00fclete Raun\u00e9 Heged\u0171s \u00c9va r\u00e9sz\u00e9re a \u201eMez\u0151ber\u00e9ny Eg\u00e9szs\u00e9g\u00fcgy\u00e9\u00e9rt, Szoci\u00e1lis ell\u00e1t\u00e1s\u00e1\u00e9rt\u201d elismer\u00e9st adom\u00e1nyozta.<\/p>\n\n\n\n<p>Az id\u00e9n a \u201eMez\u0151ber\u00e9ny V\u00e1llalkoz\u00f3ja\u201d elismer\u00e9st Szir\u00e1czki D\u00e1niel \u00e9rdemelte ki. A Ber\u00e9ny-Keny\u00e9r Kft. egyik tulajdonosak\u00e9nt \u00e9s \u00fcgyvezet\u0151jek\u00e9nt m\u00e9lt\u00f3 m\u00f3don viszi tov\u00e1bb azt a csal\u00e1di v\u00e1llalkoz\u00e1st, amelyet \u00e9desapja, Szir\u00e1czki Mih\u00e1ly feles\u00e9g\u00e9vel alap\u00edtott. A c\u00e9g ma m\u00e1r t\u00f6bb mint h\u00e1romsz\u00e1z partnerhez juttatja el term\u00e9keit, mik\u00f6zben a hagyom\u00e1nyos p\u00e9k\u00e1ruk mellett a k\u00edn\u00e1lat s\u00fctem\u00e9nyekkel, valamint \u00faj fejleszt\u00e9s\u0171 term\u00e9kekkel is folyamatosan b\u0151v\u00fcl. A telephely fejleszt\u00e9sei, a technol\u00f3giai beruh\u00e1z\u00e1sok, valamint az egyre n\u00f6vekv\u0151 sz\u00e1m\u00fa mintabolt megnyit\u00e1sa mind azt bizony\u00edtj\u00e1k, hogy Szir\u00e1czki D\u00e1niel j\u00f6v\u0151be tekint\u0151 gondolkod\u00e1ssal, felel\u0151s gazd\u00e1lkod\u00e1ssal ir\u00e1ny\u00edtja a v\u00e1llalkoz\u00e1st. Emberk\u00f6zpont\u00fa szeml\u00e9lete hozz\u00e1j\u00e1rult ahhoz, hogy a Ber\u00e9ny-Keny\u00e9r Kft. ma k\u00f6zel sz\u00e1z dolgoz\u00f3nak ny\u00fajt stabil meg\u00e9lhet\u00e9st. \u00dczleti tev\u00e9kenys\u00e9ge mellett elk\u00f6telezetten t\u00e1mogatja a helyi k\u00f6z\u00f6ss\u00e9get is. Nyitott a civil szervezetek, int\u00e9zm\u00e9nyek \u00e9s k\u00f6z\u00f6ss\u00e9gi kezdem\u00e9nyez\u00e9sek fel\u00e9, rendszeresen seg\u00edti a v\u00e1rosi rendezv\u00e9nyeket. Ezzel nemcsak v\u00e1llalkoz\u00f3k\u00e9nt, hanem a v\u00e1ros ir\u00e1nt felel\u0151ss\u00e9get \u00e9rz\u0151 polg\u00e1rk\u00e9nt is akt\u00edvan hozz\u00e1j\u00e1rul Mez\u0151ber\u00e9ny k\u00f6z\u00f6ss\u00e9gi \u00e9let\u00e9hez. Mez\u0151ber\u00e9nyben a szolg\u00e1ltat\u00f3 \u00e9s kereskedelmi tev\u00e9kenys\u00e9gben v\u00e9gzett meghat\u00e1roz\u00f3, magas sz\u00ednvonal\u00fa munk\u00e1j\u00e1\u00e9rt, a v\u00e1llalkoz\u00e1s b\u0151v\u00edt\u00e9s\u00e9\u00e9rt \u00e9s fejleszt\u00e9s\u00e9\u00e9rt, valamint a mez\u0151ber\u00e9nyi civil szervezetek \u00e9s az \u00f6nkorm\u00e1nyzat t\u00e1mogat\u00e1s\u00e1ban v\u00e9gzett tev\u00e9kenys\u00e9g\u00e9\u00e9rt a telep\u00fcl\u00e9s \u00f6nkorm\u00e1nyzata Szir\u00e1czki D\u00e1niel v\u00e1llalkoz\u00f3nak a \u201eMez\u0151ber\u00e9ny V\u00e1llalkoz\u00f3ja\u201d elismer\u00e9st adom\u00e1nyozta.<\/p>\n\n\n\n<p>A \u201eMez\u0151ber\u00e9ny Sportj\u00e1\u00e9rt\u201d elismer\u0151 c\u00edmben az id\u00e9n Sz\u0171cs-Erd\u00e9lyi Ilona r\u00e9szes\u00fclt. Neve ma m\u00e1r szorosan \u00f6sszefon\u00f3dik a mez\u0151ber\u00e9nyi tenisz\u00e9lettel \u00e9s a Szalai Barna Tenisz Club ut\u00e1np\u00f3tl\u00e1s-nevel\u00e9s\u00e9vel. Teniszp\u00e1lyafut\u00e1sa 1993-ban kezd\u0151d\u00f6tt a mez\u0151ber\u00e9nyi Szalai Barna Tenisz Clubban, ahol k\u00f6zel n\u00e9gy \u00e9ven \u00e1t edzett. Tehets\u00e9ge \u00e9s kitart\u00e1sa hamar megmutatkozott: 1997 \u00e9s 2000 k\u00f6z\u00f6tt a Debreceni Egyetem teniszcsapat\u00e1nak tagjak\u00e9nt az OB I\/B bajnoks\u00e1gban versenyzett, majd a sport ir\u00e1nti szeretete hamar az edz\u0151i p\u00e1lya fel\u00e9 vezette. A Semmelweis Egyetem Testnevel\u00e9si \u00e9s Sporttudom\u00e1nyi Kar\u00e1nak tov\u00e1bbk\u00e9pz\u00e9s\u00e9n 2002-ben teniszedz\u0151i v\u00e9gzetts\u00e9get szerzett, \u00e9s a szakmai alapok megszerz\u00e9se ut\u00e1n a B\u00e9k\u00e9scsabai El\u0151re Tenisz Clubban Hank\u00f3 B\u00e1lint mellett gy\u0171jt\u00f6tt \u00e9rt\u00e9kes tapasztalatokat. Edz\u0151i munk\u00e1j\u00e1t Mez\u0151ber\u00e9nyben kezdte, ahol a legfiatalabb koroszt\u00e1lyt vezette be a tenisz vil\u00e1g\u00e1ba. Kiemelked\u0151 jelent\u0151s\u00e9g\u0171 munk\u00e1ja az iskolai \u00e9s \u00f3vodai sportprogramokban. Tan\u00edtv\u00e1nyai k\u00f6z\u00fcl k\u00fcl\u00f6n\u00f6sen kiemelkedik Eczeti Vince, aki ir\u00e1ny\u00edt\u00e1sa alatt ismerkedett meg a tenisszel, \u00e9s az\u00f3ta folyamatos fejl\u0151d\u00e9s\u00e9vel orsz\u00e1gos szint\u0171 eredm\u00e9nyeket \u00e9r el. Sz\u0171cs-Erd\u00e9lyi Ilona munk\u00e1ss\u00e1ga nemcsak sporteredm\u00e9nyekben m\u00e9rhet\u0151, hanem abban is, hogy gener\u00e1ci\u00f3k sz\u00e1m\u00e1ra ad p\u00e9ld\u00e1t kitart\u00e1sb\u00f3l, sportszeretetb\u0151l \u00e9s k\u00f6z\u00f6ss\u00e9gi felel\u0151ss\u00e9gb\u0151l. Mez\u0151ber\u00e9ny sport\u00e9let\u00e9ben v\u00e9gzett magas sz\u00ednvonal\u00fa edz\u0151i tev\u00e9kenys\u00e9ge, az ut\u00e1np\u00f3tl\u00e1s-nevel\u00e9s ter\u00fclet\u00e9n v\u00e9gzett, a tan\u00edtv\u00e1nyaival el\u00e9rt eredm\u00e9nyei, a gyermekek, fiatalok sz\u00e1m\u00e1ra p\u00e9lda\u00e9rt\u00e9k\u0171 munk\u00e1ja \u00e9s Mez\u0151ber\u00e9ny v\u00e1ros h\u00edrnev\u00e9nek \u00f6regb\u00edt\u00e9se \u00e9rdemek\u00e9nt a v\u00e1ros \u00f6nkorm\u00e1nyzata Sz\u0171cs-Erd\u00e9lyi Ilona r\u00e9sz\u00e9re a \u201eMez\u0151ber\u00e9ny Sportj\u00e1\u00e9rt\u201d elismer\u00e9st adom\u00e1nyozta.<\/p>\n\n\n\n<p>Valamennyi kit\u00fcntetettnek Sikl\u00f3si Istv\u00e1n \u00e9s Madar\u00e1szn\u00e9 Bereczki Zsuzsanna alpolg\u00e1rmester ny\u00fajtotta \u00e1t az oklevelet \u00e9s az aj\u00e1nd\u00e9kot. A d\u00edjazottaknak Kecsk\u00e9s T\u00edmea \u00e9s Jegercsik Csaba, a Mad\u00e1ch Sz\u00ednh\u00e1z m\u0171v\u00e9szei adtak aj\u00e1nd\u00e9km\u0171sort.<\/p>\n\n\n\n<p>Az elismer\u00e9sek \u00e1tad\u00e1sa ut\u00e1n koszor\u00faz\u00e1st tartottak Pet\u0151fi-szoborn\u00e1l, itt a Mez\u0151ber\u00e9nyi Pet\u0151fi S\u00e1ndor Evang\u00e9likus Gimn\u00e1zium, Koll\u00e9gium \u00e9s \u00c1ltal\u00e1nos Iskola negyedik oszt\u00e1lyos tanul\u00f3i szavaltak alkalomhoz ill\u0151 verseket. A szoborn\u00e1l az \u00f6nkorm\u00e1nyzat, a hat\u00f3s\u00e1gok, az int\u00e9zm\u00e9nyek, az egyh\u00e1zak \u00e9s a civil szervezetek k\u00e9pvisel\u0151i helyezt\u00e9k el koszor\u00faikat, vir\u00e1gcsokraikat.<\/p>\n\n\n\n<p>Id\u0151k\u00f6zben a Pet\u0151fi-eml\u00e9kt\u00fara r\u00e9sztvev\u0151i ki\u00e9rtek a K\u00f6r\u00f6s-parti Pet\u0151fi-eml\u00e9km\u0171h\u00f6z, az elm\u00falt \u00e9vek hagyom\u00e1ny\u00e1nak megfelel\u0151en az esem\u00e9nyre elj\u00f6ttek a gyulai Makad\u00e1m Vil\u00e1gj\u00e1r\u00f3 Ker\u00e9kp\u00e1rosok Klubja tagjai is. Itt Madar\u00e1szn\u00e9 Bereczki Zsuzsanna besz\u00e9d\u00e9ben hangoztatta,m\u00e1rcius 15-e nem csak egy t\u00f6rt\u00e9nelmi d\u00e1tum, hanem egy olyan nap, amikor azokra eml\u00e9kez\u00fcnk, akik hittek egy nemzet sors\u00e1nak megv\u00e1ltoztat\u00e1s\u00e1ban. Az esem\u00e9nyek elind\u00edt\u00f3i fiatalok voltak, akik telve voltak hittel, b\u00e1tors\u00e1ggal \u00e9s egy szabadabb, igazs\u00e1gosabb j\u00f6v\u0151r\u0151l \u00e1lmodtak. Kiemelte, v\u00e1rosunknak k\u00fcl\u00f6n\u00f6sen szem\u00e9lyes ez az \u00fcnnep, ugyanis Pet\u0151fi S\u00e1ndor, a szabads\u00e1gharc nagy alakja t\u00f6bb sz\u00e1lon is k\u00f6t\u0151dik telep\u00fcl\u00e9s\u00fcnkh\u00f6z. A t\u00f6rt\u00e9nelmet a foly\u00f3khoz hasonl\u00edtotta, mely egyik szakaszon egyenesen halad medr\u00e9ben, majd ir\u00e1nyt v\u00e1ltoztat. Mez\u0151ber\u00e9ny t\u00f6rt\u00e9nete is err\u0151l tan\u00faskodik, ahol a 3 egy\u00fctt \u00e9l\u0151 nemzetis\u00e9g megmutatja, az er\u0151 nem az egyformas\u00e1gb\u00f3l sz\u00e1rmazik, hanem a k\u00fcl\u00f6nb\u00f6z\u0151k \u00f6sszefog\u00e1s\u00e1b\u00f3l. Megjegyezte, mint mag\u00e1nszem\u00e9ly, sz\u00fcl\u0151 \u00e9s nagysz\u00fcl\u0151, sem jelent\u00e9ktelen sz\u00e1m\u00e1ra merre haladunk, milyen vil\u00e1got hagyunk az ut\u00e1nunk k\u00f6vetkez\u0151kre. V\u00e9gezet\u00fcl arra k\u00e9rte a jelenl\u00e9v\u0151ket, hogy \u00f3vjuk egym\u00e1st, a k\u00f6z\u00f6ss\u00e9g\u00fcnket \u00e9s \u00e9p\u00edts\u00fcnk egy m\u00e9lt\u00f3 j\u00f6v\u0151t.&nbsp;<\/p>\n\n\n\n<p>Bancsi \u00c1rp\u00e1d Istv\u00e1n, a Mez\u0151ber\u00e9nyi Pet\u0151fi \u00e9s Goethe Alap\u00edtv\u00e1ny kurat\u00f3rium\u00e1nak eln\u00f6ke szavalta el Pet\u0151fi S\u00e1ndor <em>Egy gondolat b\u00e1nt engemet\u2026<\/em> c\u00edm\u0171 k\u00f6ltem\u00e9ny\u00e9t.<\/p>\n\n\n\n<p class=\"has-text-align-center\"><a href=\"https:\/\/muvhaz.orlaihaz.mezobereny.hu\/index.php\/nggallery\/album\/varosi-megemlekezes-marcius-15-en?page_id=7920\"><strong>Gal\u00e9ria<\/strong><\/a><\/p>\n\n\n\n<p><\/p>\n","protected":false},"excerpt":{"rendered":"<p>Az Alf\u00f6ld Turista Egyes\u00fclet az id\u00e9n is megszervezte a m\u00e1r hagyom\u00e1nyos Pet\u0151fi-eml\u00e9kt\u00far\u00e1t. Mik\u00e9nt az elm\u00falt esztend\u0151kben, \u00fagy a r\u00e9sztvev\u0151k 2026. m\u00e1rcius 15-\u00e9n reggel is a N\u00e9pek bar\u00e1ts\u00e1ga-szoborn\u00e1l gy\u00fclekeztek, \u00e9s innen [&hellip;]<\/p>\n","protected":false},"author":1,"featured_media":41912,"comment_status":"closed","ping_status":"open","sticky":false,"template":"","format":"standard","meta":{"site-sidebar-layout":"default","site-content-layout":"","ast-site-content-layout":"","site-content-style":"default","site-sidebar-style":"default","ast-global-header-display":"","ast-banner-title-visibility":"","ast-main-header-display":"","ast-hfb-above-header-display":"","ast-hfb-below-header-display":"","ast-hfb-mobile-header-display":"","site-post-title":"","ast-breadcrumbs-content":"","ast-featured-img":"","footer-sml-layout":"","theme-transparent-header-meta":"","adv-header-id-meta":"","stick-header-meta":"","header-above-stick-meta":"","header-main-stick-meta":"","header-below-stick-meta":"","astra-migrate-meta-layouts":"default","ast-page-background-enabled":"default","ast-page-background-meta":{"desktop":{"background-color":"var(--ast-global-color-4)","background-image":"","background-repeat":"repeat","background-position":"center center","background-size":"auto","background-attachment":"scroll","background-type":"","background-media":"","overlay-type":"","overlay-color":"","overlay-opacity":"","overlay-gradient":""},"tablet":{"background-color":"","background-image":"","background-repeat":"repeat","background-position":"center center","background-size":"auto","background-attachment":"scroll","background-type":"","background-media":"","overlay-type":"","overlay-color":"","overlay-opacity":"","overlay-gradient":""},"mobile":{"background-color":"","background-image":"","background-repeat":"repeat","background-position":"center center","background-size":"auto","background-attachment":"scroll","background-type":"","background-media":"","overlay-type":"","overlay-color":"","overlay-opacity":"","overlay-gradient":""}},"ast-content-background-meta":{"desktop":{"background-color":"var(--ast-global-color-5)","background-image":"","background-repeat":"repeat","background-position":"center center","background-size":"auto","background-attachment":"scroll","background-type":"","background-media":"","overlay-type":"","overlay-color":"","overlay-opacity":"","overlay-gradient":""},"tablet":{"background-color":"var(--ast-global-color-5)","background-image":"","background-repeat":"repeat","background-position":"center center","background-size":"auto","background-attachment":"scroll","background-type":"","background-media":"","overlay-type":"","overlay-color":"","overlay-opacity":"","overlay-gradient":""},"mobile":{"background-color":"var(--ast-global-color-5)","background-image":"","background-repeat":"repeat","background-position":"center center","background-size":"auto","background-attachment":"scroll","background-type":"","background-media":"","overlay-type":"","overlay-color":"","overlay-opacity":"","overlay-gradient":""}},"ngg_post_thumbnail":0,"footnotes":""},"categories":[1],"tags":[],"class_list":["post-41910","post","type-post","status-publish","format-standard","has-post-thumbnail","hentry"],"jetpack_featured_media_url":"https:\/\/muvhaz.orlaihaz.mezobereny.hu\/wp-content\/uploads\/sites\/2\/2026\/03\/OPS_0014_oh-scaled.jpg","_links":{"self":[{"href":"https:\/\/muvhaz.orlaihaz.mezobereny.hu\/index.php?rest_route=\/wp\/v2\/posts\/41910"}],"collection":[{"href":"https:\/\/muvhaz.orlaihaz.mezobereny.hu\/index.php?rest_route=\/wp\/v2\/posts"}],"about":[{"href":"https:\/\/muvhaz.orlaihaz.mezobereny.hu\/index.php?rest_route=\/wp\/v2\/types\/post"}],"author":[{"embeddable":true,"href":"https:\/\/muvhaz.orlaihaz.mezobereny.hu\/index.php?rest_route=\/wp\/v2\/users\/1"}],"replies":[{"embeddable":true,"href":"https:\/\/muvhaz.orlaihaz.mezobereny.hu\/index.php?rest_route=%2Fwp%2Fv2%2Fcomments&post=41910"}],"version-history":[{"count":4,"href":"https:\/\/muvhaz.orlaihaz.mezobereny.hu\/index.php?rest_route=\/wp\/v2\/posts\/41910\/revisions"}],"predecessor-version":[{"id":41919,"href":"https:\/\/muvhaz.orlaihaz.mezobereny.hu\/index.php?rest_route=\/wp\/v2\/posts\/41910\/revisions\/41919"}],"wp:featuredmedia":[{"embeddable":true,"href":"https:\/\/muvhaz.orlaihaz.mezobereny.hu\/index.php?rest_route=\/wp\/v2\/media\/41912"}],"wp:attachment":[{"href":"https:\/\/muvhaz.orlaihaz.mezobereny.hu\/index.php?rest_route=%2Fwp%2Fv2%2Fmedia&parent=41910"}],"wp:term":[{"taxonomy":"category","embeddable":true,"href":"https:\/\/muvhaz.orlaihaz.mezobereny.hu\/index.php?rest_route=%2Fwp%2Fv2%2Fcategories&post=41910"},{"taxonomy":"post_tag","embeddable":true,"href":"https:\/\/muvhaz.orlaihaz.mezobereny.hu\/index.php?rest_route=%2Fwp%2Fv2%2Ftags&post=41910"}],"curies":[{"name":"wp","href":"https:\/\/api.w.org\/{rel}","templated":true}]}}