{"id":471,"date":"2014-03-19T00:00:00","date_gmt":"2014-03-18T23:00:00","guid":{"rendered":""},"modified":"2024-03-26T09:17:05","modified_gmt":"2024-03-26T08:17:05","slug":"dr-buda-laszlo-eloadasa","status":"publish","type":"post","link":"https:\/\/muvhaz.orlaihaz.mezobereny.hu\/?p=471","title":{"rendered":"Dr. Buda L\u00e1szl\u00f3 el\u0151ad\u00e1sa"},"content":{"rendered":"\n\n\n<figure class=\"wp-block-image aligncenter size-full is-resized\"><img fetchpriority=\"high\" decoding=\"async\" width=\"979\" height=\"686\" src=\"https:\/\/muvhaz.orlaihaz.mezobereny.hu\/wp-content\/uploads\/sites\/2\/2024\/03\/Kepkivagas3.png\" alt=\"\" class=\"wp-image-7833\" style=\"aspect-ratio:1.4271137026239067;width:778px;height:auto\" srcset=\"https:\/\/muvhaz.orlaihaz.mezobereny.hu\/wp-content\/uploads\/sites\/2\/2024\/03\/Kepkivagas3.png 979w, https:\/\/muvhaz.orlaihaz.mezobereny.hu\/wp-content\/uploads\/sites\/2\/2024\/03\/Kepkivagas3-300x210.png 300w, https:\/\/muvhaz.orlaihaz.mezobereny.hu\/wp-content\/uploads\/sites\/2\/2024\/03\/Kepkivagas3-768x538.png 768w\" sizes=\"(max-width: 979px) 100vw, 979px\" \/><\/figure>\n\n\n\n<p>\u00a0<\/p>\n\n\n\n<p><strong>A V\u00e1rosi Hum\u00e1nseg\u00edt\u0151 \u00e9s Szoci\u00e1lis Szolg\u00e1lat<\/strong><\/p>\n\n\n\n<p>szeretettel megh\u00edvja \u00d6nt a T\u00c1MOP-6.1.2-11\/1-2012-0872. sz\u00e1m\u00fa projekt keret\u00e9ben megrendez\u00e9sre ker\u00fcl\u0151 el\u0151ad\u00e1sra <strong>2014. m\u00e1rcius 26-\u00e1n 17 \u00f3r\u00e1t\u00f3l<\/strong> az <strong>Orlai Petrics Soma Kultur\u00e1lis K\u00f6zpontba.<\/strong><br>&nbsp;El\u0151ad\u00f3:<strong> Dr. Buda L\u00e1szl\u00f3 orvos, pszichi\u00e1ter,<\/strong> pszichoterapeuta<br>El\u0151ad\u00e1s\u00e1nak c\u00edme: <strong>&#8222;Mit \u00fczen a tested?&#8221;<\/strong><\/p>\n\n\n\n<p>Minden \u00e9rdekl\u0151d\u0151t szeretettel v\u00e1runk!<\/p>\n\n\n\n<p>R\u00e9szletek az al\u00e1bbi linkre katintva olvashat\u00f3k.<\/p>\n","protected":false},"excerpt":{"rendered":"<p>\u00a0 A V\u00e1rosi Hum\u00e1nseg\u00edt\u0151 \u00e9s Szoci\u00e1lis Szolg\u00e1lat szeretettel megh\u00edvja \u00d6nt a T\u00c1MOP-6.1.2-11\/1-2012-0872. sz\u00e1m\u00fa projekt keret\u00e9ben megrendez\u00e9sre ker\u00fcl\u0151 el\u0151ad\u00e1sra 2014. m\u00e1rcius 26-\u00e1n 17 \u00f3r\u00e1t\u00f3l az Orlai Petrics Soma Kultur\u00e1lis K\u00f6zpontba.&nbsp;El\u0151ad\u00f3: Dr. [&hellip;]<\/p>\n","protected":false},"author":0,"featured_media":0,"comment_status":"closed","ping_status":"open","sticky":false,"template":"","format":"standard","meta":{"site-sidebar-layout":"default","site-content-layout":"","ast-site-content-layout":"","site-content-style":"default","site-sidebar-style":"default","ast-global-header-display":"","ast-banner-title-visibility":"","ast-main-header-display":"","ast-hfb-above-header-display":"","ast-hfb-below-header-display":"","ast-hfb-mobile-header-display":"","site-post-title":"","ast-breadcrumbs-content":"","ast-featured-img":"","footer-sml-layout":"","theme-transparent-header-meta":"","adv-header-id-meta":"","stick-header-meta":"","header-above-stick-meta":"","header-main-stick-meta":"","header-below-stick-meta":"","astra-migrate-meta-layouts":"default","ast-page-background-enabled":"default","ast-page-background-meta":{"desktop":{"background-color":"var(--ast-global-color-4)","background-image":"","background-repeat":"repeat","background-position":"center center","background-size":"auto","background-attachment":"scroll","background-type":"","background-media":"","overlay-type":"","overlay-color":"","overlay-opacity":"","overlay-gradient":""},"tablet":{"background-color":"","background-image":"","background-repeat":"repeat","background-position":"center center","background-size":"auto","background-attachment":"scroll","background-type":"","background-media":"","overlay-type":"","overlay-color":"","overlay-opacity":"","overlay-gradient":""},"mobile":{"background-color":"","background-image":"","background-repeat":"repeat","background-position":"center center","background-size":"auto","background-attachment":"scroll","background-type":"","background-media":"","overlay-type":"","overlay-color":"","overlay-opacity":"","overlay-gradient":""}},"ast-content-background-meta":{"desktop":{"background-color":"var(--ast-global-color-5)","background-image":"","background-repeat":"repeat","background-position":"center center","background-size":"auto","background-attachment":"scroll","background-type":"","background-media":"","overlay-type":"","overlay-color":"","overlay-opacity":"","overlay-gradient":""},"tablet":{"background-color":"var(--ast-global-color-5)","background-image":"","background-repeat":"repeat","background-position":"center center","background-size":"auto","background-attachment":"scroll","background-type":"","background-media":"","overlay-type":"","overlay-color":"","overlay-opacity":"","overlay-gradient":""},"mobile":{"background-color":"var(--ast-global-color-5)","background-image":"","background-repeat":"repeat","background-position":"center center","background-size":"auto","background-attachment":"scroll","background-type":"","background-media":"","overlay-type":"","overlay-color":"","overlay-opacity":"","overlay-gradient":""}},"ngg_post_thumbnail":0,"footnotes":""},"categories":[1],"tags":[],"class_list":["post-471","post","type-post","status-publish","format-standard","hentry"],"jetpack_featured_media_url":"","_links":{"self":[{"href":"https:\/\/muvhaz.orlaihaz.mezobereny.hu\/index.php?rest_route=\/wp\/v2\/posts\/471"}],"collection":[{"href":"https:\/\/muvhaz.orlaihaz.mezobereny.hu\/index.php?rest_route=\/wp\/v2\/posts"}],"about":[{"href":"https:\/\/muvhaz.orlaihaz.mezobereny.hu\/index.php?rest_route=\/wp\/v2\/types\/post"}],"replies":[{"embeddable":true,"href":"https:\/\/muvhaz.orlaihaz.mezobereny.hu\/index.php?rest_route=%2Fwp%2Fv2%2Fcomments&post=471"}],"version-history":[{"count":2,"href":"https:\/\/muvhaz.orlaihaz.mezobereny.hu\/index.php?rest_route=\/wp\/v2\/posts\/471\/revisions"}],"predecessor-version":[{"id":7834,"href":"https:\/\/muvhaz.orlaihaz.mezobereny.hu\/index.php?rest_route=\/wp\/v2\/posts\/471\/revisions\/7834"}],"wp:attachment":[{"href":"https:\/\/muvhaz.orlaihaz.mezobereny.hu\/index.php?rest_route=%2Fwp%2Fv2%2Fmedia&parent=471"}],"wp:term":[{"taxonomy":"category","embeddable":true,"href":"https:\/\/muvhaz.orlaihaz.mezobereny.hu\/index.php?rest_route=%2Fwp%2Fv2%2Fcategories&post=471"},{"taxonomy":"post_tag","embeddable":true,"href":"https:\/\/muvhaz.orlaihaz.mezobereny.hu\/index.php?rest_route=%2Fwp%2Fv2%2Ftags&post=471"}],"curies":[{"name":"wp","href":"https:\/\/api.w.org\/{rel}","templated":true}]}}