{"id":523,"date":"2014-08-08T00:00:00","date_gmt":"2014-08-07T22:00:00","guid":{"rendered":""},"modified":"2024-04-10T11:18:03","modified_gmt":"2024-04-10T09:18:03","slug":"xviii-berenyi-napok","status":"publish","type":"post","link":"https:\/\/muvhaz.orlaihaz.mezobereny.hu\/?p=523","title":{"rendered":"XVIII. Ber\u00e9nyi Napok"},"content":{"rendered":"\n<h2 class=\"wp-block-heading\">2014-08-19 &#8211; Ber\u00e9nyi Napok<\/h2>\n\n\n\n<p><strong>K\u00e1lm\u00e1n F\u00fcrd\u0151<\/strong><\/p>\n\n\n\n<p>09.30-19.00 J\u00e1rj a v\u00edzen! VIZIBUBI Roadshow<\/p>\n\n\n\n<p><strong>V\u00e1rosh\u00e1za<\/strong><\/p>\n\n\n\n<p>15.00 Magyar Nemzeti Vid\u00e9ki H\u00e1l\u00f3zat t\u00e1j\u00e9koztat\u00f3ja<br>17.00 Fel\u00faj\u00edtott I. vil\u00e1gh\u00e1bor\u00fas eml\u00e9km\u0171 \u00e1tad\u00e1sa<\/p>\n\n\n\n<p><strong>Piact\u00e9r<\/strong><\/p>\n\n\n\n<ul class=\"wp-block-list\">\n<li>18.00 Pint\u00e9r B\u00e9la el\u0151ad\u00e1sa a T\u00edzv\u00e1ros Alap\u00edtv\u00e1ny szervez\u00e9s\u00e9ben<\/li>\n\n\n\n<li>19.00<\/li>\n\n\n\n<li>Napsug\u00e1r t\u00e1nccsoport<\/li>\n\n\n\n<li>Malom Fittness<\/li>\n\n\n\n<li>Ber\u00e9ny N\u00e9pdalk\u00f6r<\/li>\n\n\n\n<li>Freizeit T\u00e1ncegy\u00fcttes<\/li>\n\n\n\n<li>Szlov\u00e1k P\u00e1vak\u00f6r<\/li>\n\n\n\n<li>L\u00f3l\u00e9 Al\u00edcia Aziza<\/li>\n\n\n\n<li>K\u00e1d\u00e1r Ferenc t\u00e1rogat\u00f3n j\u00e1tszik<\/li>\n\n\n\n<li>20.00 V\u00e1rosi Ifj\u00fas\u00e1gi F\u00fav\u00f3szenekar<\/li>\n\n\n\n<li>20.30 Kner TSE mez\u0151ber\u00e9nyi t\u00e1rsast\u00e1nc csoport<\/li>\n\n\n\n<li>22.00 CS\u00cdK ZENEKAR koncert<\/li>\n<\/ul>\n\n\n\n<h2 class=\"wp-block-heading\">2014-08-19 &#8211; Ber\u00e9nyi Napok &#8211; MNVH t\u00e1j\u00e9koztat\u00f3ja<\/h2>\n\n\n\n<p>Tisztelettel megh\u00edvjuk <strong>2014. augusztus 19-\u00e9n 15.00 \u00f3r\u00e1ra<\/strong> a <strong>V\u00e1rosh\u00e1z\u00e1ra<\/strong> (5650 Mez\u0151ber\u00e9ny, Kossuth t\u00e9r 1.)<\/p>\n\n\n\n<p><strong>Magyar Nemzeti Vid\u00e9ki H\u00e1l\u00f3zat<\/strong> munkat\u00e1rsainak <strong>t\u00e1j\u00e9koztat\u00f3ra<\/strong><\/p>\n\n\n\n<p><strong>Helyi k\u00f6z\u00f6ss\u00e9gek forr\u00e1sszerz\u00e9si lehet\u0151s\u00e9gei 2014-2020-ban<\/strong> El\u0151ad\u00f3: <strong>Gyebn\u00e1r P\u00e9ter<\/strong>, a Magyar Nemzeti Vid\u00e9ki H\u00e1l\u00f3zat B\u00e9k\u00e9s megyei referense<\/p>\n\n\n\n<p><strong>Hazai forr\u00e1s a helyi kisprojektek finansz\u00edroz\u00e1s\u00e1ra<\/strong> El\u0151ad\u00f3: <strong>Kasz\u00e1s Veronika<\/strong>, Magyar Nemzeti Vid\u00e9ki H\u00e1l\u00f3zat referense <strong>Konzult\u00e1ci\u00f3 az el\u0151ad\u00f3kkal<\/strong><\/p>\n\n\n\n<h2 class=\"wp-block-heading\">2014-08-19 &#8211; Ber\u00e9nyi Napok &#8211; az els\u0151 vil\u00e1gh\u00e1bor\u00fas eml\u00e9km\u0171 \u00e1tad\u00e1sa<\/h2>\n\n\n\n<p>Mez\u0151ber\u00e9ny V\u00e1ros \u00d6nkorm\u00e1nyzata tisztelettel megh\u00edvja<br>\u00d6nt \u00e9s kedves csal\u00e1dj\u00e1t<strong>2014. augusztus 19-\u00e9n (kedden) 17 \u00f3r\u00e1ra<\/strong><\/p>\n\n\n\n<p><strong>a fel\u00faj\u00edtott I. vil\u00e1gh\u00e1bor\u00fas eml\u00e9km\u0171 \u00fcnnep\u00e9lyes \u00e1tad\u00e1s\u00e1ra \u00e9s felszentel\u00e9s\u00e9re<\/strong> (Kossuth t\u00e9r 1.)<\/p>\n\n\n\n<p>K\u00f6sz\u00f6nt\u0151t mondanak:<\/p>\n\n\n\n<ul class=\"wp-block-list\">\n<li><strong>Sikl\u00f3si Istv\u00e1n<\/strong> Mez\u0151ber\u00e9ny polg\u00e1rmestere<\/li>\n\n\n\n<li><strong>Dank\u00f3 B\u00e9la<\/strong> orsz\u00e1ggy\u0171l\u00e9si k\u00e9pvisel\u0151<\/li>\n\n\n\n<li><strong>K\u00f6r\u00f6si Mih\u00e1ly,<\/strong> az Oktatat\u00e1si \u00e9s Kultur\u00e1lis Bizotts\u00e1g eln\u00f6ke.<\/li>\n<\/ul>\n\n\n\n<p>K\u00f6zrem\u0171k\u00f6dik: V\u00e1rosi F\u00fav\u00f3szenekar, Borgula Benedetta.<\/p>\n\n\n\n<p>Az eml\u00e9km\u0171 \u00e1tad\u00e1sa ut\u00e1n lehet\u0151s\u00e9g van koszor\u00fa \u00e9s vir\u00e1g elhelyez\u00e9s\u00e9re.<\/p>\n\n\n\n<p>R\u00e9szletek\u00e9rt kattiontson<a href = \"https:\/\/mezobereny.hu\/s\/hir\/1229\/I.-vilaghaborus-emlekmu-atadasa\">  IDE!<\/a><\/p>\n","protected":false},"excerpt":{"rendered":"<p>2014-08-19 &#8211; Ber\u00e9nyi Napok K\u00e1lm\u00e1n F\u00fcrd\u0151 09.30-19.00 J\u00e1rj a v\u00edzen! VIZIBUBI Roadshow V\u00e1rosh\u00e1za 15.00 Magyar Nemzeti Vid\u00e9ki H\u00e1l\u00f3zat t\u00e1j\u00e9koztat\u00f3ja17.00 Fel\u00faj\u00edtott I. vil\u00e1gh\u00e1bor\u00fas eml\u00e9km\u0171 \u00e1tad\u00e1sa Piact\u00e9r 2014-08-19 &#8211; Ber\u00e9nyi Napok &#8211; [&hellip;]<\/p>\n","protected":false},"author":1,"featured_media":0,"comment_status":"closed","ping_status":"open","sticky":false,"template":"","format":"standard","meta":{"site-sidebar-layout":"default","site-content-layout":"","ast-site-content-layout":"","site-content-style":"default","site-sidebar-style":"default","ast-global-header-display":"","ast-banner-title-visibility":"","ast-main-header-display":"","ast-hfb-above-header-display":"","ast-hfb-below-header-display":"","ast-hfb-mobile-header-display":"","site-post-title":"","ast-breadcrumbs-content":"","ast-featured-img":"","footer-sml-layout":"","theme-transparent-header-meta":"","adv-header-id-meta":"","stick-header-meta":"","header-above-stick-meta":"","header-main-stick-meta":"","header-below-stick-meta":"","astra-migrate-meta-layouts":"default","ast-page-background-enabled":"default","ast-page-background-meta":{"desktop":{"background-color":"var(--ast-global-color-4)","background-image":"","background-repeat":"repeat","background-position":"center center","background-size":"auto","background-attachment":"scroll","background-type":"","background-media":"","overlay-type":"","overlay-color":"","overlay-opacity":"","overlay-gradient":""},"tablet":{"background-color":"","background-image":"","background-repeat":"repeat","background-position":"center center","background-size":"auto","background-attachment":"scroll","background-type":"","background-media":"","overlay-type":"","overlay-color":"","overlay-opacity":"","overlay-gradient":""},"mobile":{"background-color":"","background-image":"","background-repeat":"repeat","background-position":"center center","background-size":"auto","background-attachment":"scroll","background-type":"","background-media":"","overlay-type":"","overlay-color":"","overlay-opacity":"","overlay-gradient":""}},"ast-content-background-meta":{"desktop":{"background-color":"var(--ast-global-color-5)","background-image":"","background-repeat":"repeat","background-position":"center center","background-size":"auto","background-attachment":"scroll","background-type":"","background-media":"","overlay-type":"","overlay-color":"","overlay-opacity":"","overlay-gradient":""},"tablet":{"background-color":"var(--ast-global-color-5)","background-image":"","background-repeat":"repeat","background-position":"center center","background-size":"auto","background-attachment":"scroll","background-type":"","background-media":"","overlay-type":"","overlay-color":"","overlay-opacity":"","overlay-gradient":""},"mobile":{"background-color":"var(--ast-global-color-5)","background-image":"","background-repeat":"repeat","background-position":"center center","background-size":"auto","background-attachment":"scroll","background-type":"","background-media":"","overlay-type":"","overlay-color":"","overlay-opacity":"","overlay-gradient":""}},"ngg_post_thumbnail":0,"footnotes":""},"categories":[1],"tags":[],"class_list":["post-523","post","type-post","status-publish","format-standard","hentry"],"jetpack_featured_media_url":"","_links":{"self":[{"href":"https:\/\/muvhaz.orlaihaz.mezobereny.hu\/index.php?rest_route=\/wp\/v2\/posts\/523"}],"collection":[{"href":"https:\/\/muvhaz.orlaihaz.mezobereny.hu\/index.php?rest_route=\/wp\/v2\/posts"}],"about":[{"href":"https:\/\/muvhaz.orlaihaz.mezobereny.hu\/index.php?rest_route=\/wp\/v2\/types\/post"}],"author":[{"embeddable":true,"href":"https:\/\/muvhaz.orlaihaz.mezobereny.hu\/index.php?rest_route=\/wp\/v2\/users\/1"}],"replies":[{"embeddable":true,"href":"https:\/\/muvhaz.orlaihaz.mezobereny.hu\/index.php?rest_route=%2Fwp%2Fv2%2Fcomments&post=523"}],"version-history":[{"count":1,"href":"https:\/\/muvhaz.orlaihaz.mezobereny.hu\/index.php?rest_route=\/wp\/v2\/posts\/523\/revisions"}],"predecessor-version":[{"id":7971,"href":"https:\/\/muvhaz.orlaihaz.mezobereny.hu\/index.php?rest_route=\/wp\/v2\/posts\/523\/revisions\/7971"}],"wp:attachment":[{"href":"https:\/\/muvhaz.orlaihaz.mezobereny.hu\/index.php?rest_route=%2Fwp%2Fv2%2Fmedia&parent=523"}],"wp:term":[{"taxonomy":"category","embeddable":true,"href":"https:\/\/muvhaz.orlaihaz.mezobereny.hu\/index.php?rest_route=%2Fwp%2Fv2%2Fcategories&post=523"},{"taxonomy":"post_tag","embeddable":true,"href":"https:\/\/muvhaz.orlaihaz.mezobereny.hu\/index.php?rest_route=%2Fwp%2Fv2%2Ftags&post=523"}],"curies":[{"name":"wp","href":"https:\/\/api.w.org\/{rel}","templated":true}]}}