{"id":564,"date":"2014-10-31T00:00:00","date_gmt":"2014-10-30T23:00:00","guid":{"rendered":""},"modified":"-0001-11-30T00:00:00","modified_gmt":"-0001-11-29T22:00:00","slug":"","status":"publish","type":"post","link":"https:\/\/muvhaz.orlaihaz.mezobereny.hu\/?p=564","title":{"rendered":"K\u00e9t sikeres t\u00e1ncvereny"},"content":{"rendered":"<p>A Kner T\u00e1nc-sport Egyes\u00fclet m\u00e1r n\u00e9gy \u00e9ve van jelen Mez\u0151ber\u00e9nyben. Minden \u00e9v okt\u00f3ber\u00e9ben kezd\u0151, illetve halad\u00f3 csoportokat ind\u00edt az Orlai Petrics Soma Kultur\u00e1lis K\u00f6zpontban. A kultur\u00e1lis k\u00f6zponttal egy\u00fcttm\u0171k\u00f6dve imm\u00e1r a negyedik k\u00f6z\u00f6s t\u00e1ncos rendezv\u00e9ny\u00fcnket szervezz\u00fck. K\u00e9t sikeres versenyt\u00e1nc g\u00e1lam\u0171sor, az V. Kner Kupa Klubk\u00f6zi \u00e9s T\u00e1nciskol\u00e1s Orsz\u00e1gos T\u00e1ncverseny sikeres megszervez\u00e9se ut\u00e1n, id\u00e9n okt\u00f3ber 11-\u00e9n megrendezt\u00fck a VII. Kner Kupa Szabadid\u0151sport Kelet-Magyarorsz\u00e1gi Ter\u00fcleti Bajnoks\u00e1got \u00e9s T\u00e1nciskol\u00e1s Versenyt. A rendezv\u00e9ny helysz\u00edne ez\u00fattal a Pet\u0151fi S\u00e1ndor Evang\u00e9likus Gimn\u00e1zium Tornacsarnoka volt. A versenyen valamennyi t\u00e1ncosunk parkettre l\u00e9pett. A rendezv\u00e9ny teljes id\u0151tartama alatt telth\u00e1z volt. A t\u00e1ncversenyt Sikl\u00f3si Istv\u00e1n, polg\u00e1rmester nyitotta meg, valamint a Jegony\u00e1n Ox\u00e1na, a Magyar T\u00e1ncsport Sz\u00f6vets\u00e9g Szabadid\u0151sport\u00e9rt felel\u0151s eln\u00f6ks\u00e9gi tagja is megosztotta a jelenl\u00e9v\u0151kkel gondolatait. A versenyen fell\u00e9pett Mez\u0151ber\u00e9ny legeredm\u00e9nyesebb t\u00e1ncosa, T\u00f3th Bence \u00c1kos \u00e9s partnere, Karcagi Laura, akiket nagy \u00e9rdekl\u0151d\u00e9ssel \u00e9s szeretettel fogadott a k\u00f6z\u00f6ns\u00e9g. Ez\u00faton szeretn\u00e9nk megk\u00f6sz\u00f6nni valamennyi t\u00e1mogat\u00f3nk \u00f6nzetlen seg\u00edts\u00e9g\u00e9t, \u00e9s a v\u00e1rosvezet\u00e9s t\u00e1mogat\u00e1s\u00e1t.\u00a0<\/p>\n<p><strong>Eredm\u00e9nyeink a VII. Kner Kup\u00e1n<\/strong><br \/>Gyaraki Viktor-Patzer No\u00e9mi: 1. hely, 1. hely<br \/>T\u00edm\u00e1r Kevin-Lakatos Let\u00edcia: 3. hely, 3. hely<br \/>T\u00edm\u00e1r Kevin-Kov\u00e1cs Ad\u00e9l: 2. hely, 2. hely<br \/>Lakatos Istv\u00e1n-Kov\u00e1cs Szabina: 5. hely, 4. hely<br \/>Parlagi B\u00edborka: 2. hely<br \/>Csap\u00f3 Izabella: 3. hely<br \/>Sz\u00e1nt\u00f3 Bence-Frey T\u00edmea: 3. hely, 4. hely<br \/>Zsibrita P\u00e1l-Bereczki Adrienn: 6. hely, 6. hely<br \/>Hoffmann Marcellina: 4. hely<br \/>K\u00f3tai Roberta: 5. hely<br \/>Egeresi N\u00f3ra: 6. hely<br \/>Grease Gyermek Form\u00e1ci\u00f3: Kelet Magyarorsz\u00e1gi Bajnoki C\u00edm<br \/>Mamma Mia Junior Form\u00e1ci\u00f3: Kelet Magyarorsz\u00e1gi Bajnoks\u00e1g &#8211; ez\u00fcst min\u0151s\u00edt\u00e9s<br \/><strong><br \/><\/strong><\/p>\n<p><strong>A mez\u0151ber\u00e9nyi gyerekek idei eredm\u00e9nyei<\/strong><br \/>T\u00e1ncosaink egyre t\u00f6bb versenyen vesznek r\u00e9szt. Az orsz\u00e1g sz\u00e1mos pontj\u00e1n versenyeznek \u00e9s olykor m\u00e9g a hat\u00e1ron t\u00fal is \u00f6sszem\u00e9rik tud\u00e1sukat a k\u00fcl\u00f6nb\u00f6z\u0151 orsz\u00e1gok versenyz\u0151ivel. <\/p>\n<pre>T\u00e1ncosaink \u00e9s eredm\u00e9nyeik:<br \/><strong><br \/><\/strong><\/pre>\n<pre><strong>Bokor Mil\u00e1n-Kiss Petra<\/strong><br \/>Kelet-Magyarorsz\u00e1gi Ter\u00fcleti Bajnoks\u00e1g (Ny\u00edradony): <br \/>Latin: 4. hely<br \/>Standard: 5. hely<br \/>&#8222;C&#8221; \u00e9s &#8222;B&#8221; T\u00edzt\u00e1nc Orsz\u00e1gos Bajnoks\u00e1g \u00e9s az I. Mez\u0151t\u00fari M\u0171v\u00e9szeti Iskol\u00e1s Verseny (Mez\u0151t\u00far):<br \/>Standard: 5. hely, 6. hely<br \/>Latin: 4. hely, 6. hely<br \/>VII. Forma Kupa (Algy\u0151):<br \/>Standard: 5. hely<br \/>Latin: 4. hely, 3. hely<br \/>Z\u00e1nkai Gyermek \u00e9s Ifj\u00fas\u00e1gi T\u00e1ncfesztiv\u00e1l (Z\u00e1nkaf\u00fcrd\u0151):<br \/>Latin: 4. hely, 5. hely, 7. hely<br \/>Standard: 4. hely, 6. hely, 7. hely<br \/><strong><br \/><\/strong><\/pre>\n<pre><strong>Hajd\u00fa Viktor-Gyarmati Krisztina<\/strong><br \/>Kelet-Magyarorsz\u00e1gi Ter\u00fcleti Bajnoks\u00e1g (Ny\u00edradony): <br \/>Latin: 5. hely<br \/>&#8222;C&#8221; \u00e9s &#8222;B&#8221; T\u00edzt\u00e1nc Orsz\u00e1gos Bajnoks\u00e1g \u00e9s az I. Mez\u0151t\u00fari M\u0171v\u00e9szeti Iskol\u00e1s Verseny (Mez\u0151t\u00far):<br \/>Standard: 8. hely, 13. hely<br \/>Latin: 11. hely<br \/><strong><br \/><\/strong><\/pre>\n<pre><strong>Lakatos Istv\u00e1n-Kov\u00e1cs Szabina<\/strong><br \/>&#8222;C&#8221; \u00e9s &#8222;B&#8221; T\u00edzt\u00e1nc Orsz\u00e1gos Bajnoks\u00e1g \u00e9s az I. Mez\u0151t\u00fari M\u0171v\u00e9szeti Iskol\u00e1s Verseny (Mez\u0151t\u00far):<br \/>Latin: 11. hely<br \/><strong><br \/><\/strong><\/pre>\n<pre><strong>Varga Bal\u00e1zs-Frey T\u00edmea<\/strong><br \/>&#8222;C&#8221; \u00e9s &#8222;B&#8221; T\u00edzt\u00e1nc Orsz\u00e1gos Bajnoks\u00e1g \u00e9s az I. Mez\u0151t\u00fari M\u0171v\u00e9szeti Iskol\u00e1s Verseny (Mez\u0151t\u00far):<br \/>Standard, Latin: 7. hely<br \/><strong><br \/><\/strong><\/pre>\n<pre><strong>Sz\u00e1nt\u00f3 Bence-Frey T\u00edmea<\/strong><br \/>&#8222;C&#8221; \u00e9s &#8222;B&#8221; T\u00edzt\u00e1nc Orsz\u00e1gos Bajnoks\u00e1g \u00e9s az I. Mez\u0151t\u00fari M\u0171v\u00e9szeti Iskol\u00e1s Verseny (Mez\u0151t\u00far):<br \/>Standard: 7. hely<br \/>Latin: 5. hely<br \/>Tavaszv\u00e1r\u00f3 T\u00e1ncverseny (J\u00e1sz\u00e1roksz\u00e1ll\u00e1s):<br \/>Standard, Latin: 2. hely<br \/><strong><br \/><\/strong><\/pre>\n<pre><strong>Szegf\u0171 Korn\u00e9l-F\u00f6ldi Anita<\/strong><br \/>Kelet-Magyarorsz\u00e1gi Ter\u00fcleti Bajnoks\u00e1g (Ny\u00edradony): <br \/>Latin: 5. hely<br \/>Standard: 6. hely<br \/>&#8222;C&#8221; \u00e9s &#8222;B&#8221; T\u00edzt\u00e1nc Orsz\u00e1gos Bajnoks\u00e1g \u00e9s az I. Mez\u0151t\u00fari M\u0171v\u00e9szeti Iskol\u00e1s Verseny (Mez\u0151t\u00far):<br \/>Standard: 7. hely<br \/>Latin: 7. hely, 6. hely<br \/>VII. Forma Kupa (Algy\u0151):<br \/>Standard: 9. hely, 6. hely<br \/>Latin: 6. hely, 7. hely<br \/><strong><br \/><\/strong><\/pre>\n<pre><strong>Zsibrita P\u00e1l-Bereczki Adrienn<\/strong><br \/>&#8222;C&#8221; \u00e9s &#8222;B&#8221; T\u00edzt\u00e1nc Orsz\u00e1gos Bajnoks\u00e1g \u00e9s az I. Mez\u0151t\u00fari M\u0171v\u00e9szeti Iskol\u00e1s Verseny (Mez\u0151t\u00far):<br \/>Standard: 11. hely<br \/>Latin: 13. hely<br \/><strong><br \/><\/strong><\/pre>\n<pre><strong>B\u00e1tori Imre-Gy\u0151ri N\u00f3ra<\/strong><br \/>Kelet-Magyarorsz\u00e1gi Ter\u00fcleti Bajnoks\u00e1g (Ny\u00edradony): <br \/>Latin: 4. hely<br \/>VIII. Gemenc Kupa &#8211; &#8222;E&#8221; Hatt\u00e1nc, &#8222;D&#8221; Nyolct\u00e1nc Orsz\u00e1gos Bajnoks\u00e1g:<br \/>Standard: 8. hely<br \/>Latin: 4. hely<br \/>&#8222;C&#8221; \u00e9s &#8222;B&#8221; T\u00edzt\u00e1nc Orsz\u00e1gos Bajnoks\u00e1g \u00e9s az I. Mez\u0151t\u00fari M\u0171v\u00e9szeti Iskol\u00e1s Verseny (Mez\u0151t\u00far):<br \/>Standard: 9. hely<br \/>Latin: 4. hely, 7. hely<br \/>VII. Forma Kupa (Algy\u0151):<br \/>Standard: 7. hely, 10. hely<br \/>Latin: 6. hely, 4. hely<br \/><strong><br \/><\/strong><\/pre>\n<pre><strong>Bokor Kevin-T\u00f3th Gr\u00e9ta<\/strong><br \/>Kelet-Magyarorsz\u00e1gi Ter\u00fcleti Bajnoks\u00e1g (Ny\u00edradony): <br \/>Latin: 6. hely<br \/>&#8222;C&#8221; \u00e9s &#8222;B&#8221; T\u00edzt\u00e1nc Orsz\u00e1gos Bajnoks\u00e1g \u00e9s az I. Mez\u0151t\u00fari M\u0171v\u00e9szeti Iskol\u00e1s Verseny (Mez\u0151t\u00far):<br \/>Standard: 8. hely, 10. hely<br \/>Latin: 8. hely, 9. hely<br \/><strong><br \/><\/strong><\/pre>\n<pre><strong>F\u00f6ldi Attila-Beinschr\u00f3dt Alexa<\/strong><br \/>Kelet-Magyarorsz\u00e1gi Ter\u00fcleti Bajnoks\u00e1g (Ny\u00edradony): <br \/>Latin: 4. hely<br \/>Standard: 7. hely<br \/>&#8222;C&#8221; \u00e9s &#8222;B&#8221; T\u00edzt\u00e1nc Orsz\u00e1gos Bajnoks\u00e1g \u00e9s az I. Mez\u0151t\u00fari M\u0171v\u00e9szeti Iskol\u00e1s Verseny (Mez\u0151t\u00far):<br \/>10t\u00e1nc: 6. hely<br \/>VII. Forma Kupa (Algy\u0151):<br \/>Standard: 6. hely<br \/>Latin: 8. hely<br \/><strong><br \/><\/strong><\/pre>\n<pre><strong>T\u00f3th Bence \u00c1kos-Karcagi Laura<\/strong><br \/>Grand Prix (Slovakia, Tyrnavia):<br \/>WDSF Open Latin: 33\/8. hely<br \/>Feln\u0151tt ,,A&#8221; Latin: 6\/3. hely<br \/>Blackpool Dance Festival (Anglia, Blackpool):<br \/>U21 Latin: 202\/112. hely<br \/>Rising Star Latin: 337\/244. hely<br \/>Kosice Open (Slovakia, Kosice):<br \/>WDSF International Open Latin: 49\/29. hely<br \/>Feln\u0151tt ,,A&#8221; Latin: 6\/1. hely<br \/>OK Dance Open (Csehorsz\u00e1g, Olomouc):<br \/>WDSF International Open Latin: 29\/14. hely<br \/>German Open Championship (N\u00e9metorsz\u00e1g, Stuttgart):<br \/>GOC Feln\u0151tt Rising Star Latin: 287\/131. hely<br \/>GOC Feln\u0151tt ,,A&#8221; Latin: 150\/7. hely<br \/>Slovak Open (Slovakia, Bratislava):<br \/>WDSF World Open Latin: 67\/31. hely<br \/>Pro-Art Grand Prix (Kistelek):<br \/>Megh\u00edv\u00e1sos Feln\u0151tt Latin T\u00e1ncbajnoks\u00e1g: 10\/3. hely<br \/>21 \u00e9v alatti Latin Magyar Bajnoks\u00e1g (Kiskunhalas):<br \/>U21 Latin magyar Bajnoks\u00e1g: 2. hely<br \/>Feln\u0151tt-Ifj\u00fas\u00e1gi Latin Ranglista (Szombathely):<br \/>29\/6. hely<br \/><br \/><\/pre>\n<p><strong>Jelentkezz TE is!!!!<\/strong><br \/>Az egyes\u00fclet \u00e9s az OPSKK ebben a tan\u00e9vben is csoportokat ind\u00edt. <br \/>Gyermek, junior, ifj\u00fas\u00e1gi, feln\u0151tt-senior csoportokba, illetve l\u00e1nyform\u00e1ci\u00f3s csoportokba v\u00e1rj\u00e1k a t\u00e1ncolni v\u00e1gy\u00f3kat. Beiratkozni \u00e9s jelentkezni lehet tan\u00edt\u00e1si id\u0151ben, minden h\u00e9tf\u0151n 16.30-19.00 az Orlai Petrics Soma Kultur\u00e1lis K\u00f6zpont Sz\u00ednh\u00e1zterm\u00e9ben. <br \/>Inform\u00e1ci\u00f3: B\u00f6gre J\u00e1nos (0630-6082172)<br \/>Tov\u00e1bbi inform\u00e1ci\u00f3 a t\u00e1ncosainkr\u00f3l \u00e9s eredm\u00e9nyeinkr\u0151l a <a href=\"http:\/\/www.knertse.hu\" target=\"_blank\">www.knertse.hu<\/a> weblapon.\u00a0<\/p>\n<pre><em>B\u00f6gre J\u00e1nos<\/em><\/pre>\n","protected":false},"excerpt":{"rendered":"<p>A Kner T\u00e1nc-sport Egyes\u00fclet m\u00e1r n\u00e9gy \u00e9ve van jelen Mez\u0151ber\u00e9nyben. Minden \u00e9v okt\u00f3ber\u00e9ben kezd\u0151, illetve halad\u00f3 csoportokat ind\u00edt az Orlai Petrics Soma Kultur\u00e1lis K\u00f6zpontban.<\/p>\n","protected":false},"author":0,"featured_media":0,"comment_status":"closed","ping_status":"open","sticky":false,"template":"","format":"standard","meta":{"site-sidebar-layout":"default","site-content-layout":"","ast-site-content-layout":"","site-content-style":"default","site-sidebar-style":"default","ast-global-header-display":"","ast-banner-title-visibility":"","ast-main-header-display":"","ast-hfb-above-header-display":"","ast-hfb-below-header-display":"","ast-hfb-mobile-header-display":"","site-post-title":"","ast-breadcrumbs-content":"","ast-featured-img":"","footer-sml-layout":"","theme-transparent-header-meta":"","adv-header-id-meta":"","stick-header-meta":"","header-above-stick-meta":"","header-main-stick-meta":"","header-below-stick-meta":"","astra-migrate-meta-layouts":"default","ast-page-background-enabled":"default","ast-page-background-meta":{"desktop":{"background-color":"var(--ast-global-color-4)","background-image":"","background-repeat":"repeat","background-position":"center center","background-size":"auto","background-attachment":"scroll","background-type":"","background-media":"","overlay-type":"","overlay-color":"","overlay-opacity":"","overlay-gradient":""},"tablet":{"background-color":"","background-image":"","background-repeat":"repeat","background-position":"center center","background-size":"auto","background-attachment":"scroll","background-type":"","background-media":"","overlay-type":"","overlay-color":"","overlay-opacity":"","overlay-gradient":""},"mobile":{"background-color":"","background-image":"","background-repeat":"repeat","background-position":"center center","background-size":"auto","background-attachment":"scroll","background-type":"","background-media":"","overlay-type":"","overlay-color":"","overlay-opacity":"","overlay-gradient":""}},"ast-content-background-meta":{"desktop":{"background-color":"var(--ast-global-color-5)","background-image":"","background-repeat":"repeat","background-position":"center center","background-size":"auto","background-attachment":"scroll","background-type":"","background-media":"","overlay-type":"","overlay-color":"","overlay-opacity":"","overlay-gradient":""},"tablet":{"background-color":"var(--ast-global-color-5)","background-image":"","background-repeat":"repeat","background-position":"center center","background-size":"auto","background-attachment":"scroll","background-type":"","background-media":"","overlay-type":"","overlay-color":"","overlay-opacity":"","overlay-gradient":""},"mobile":{"background-color":"var(--ast-global-color-5)","background-image":"","background-repeat":"repeat","background-position":"center center","background-size":"auto","background-attachment":"scroll","background-type":"","background-media":"","overlay-type":"","overlay-color":"","overlay-opacity":"","overlay-gradient":""}},"ngg_post_thumbnail":0,"footnotes":""},"categories":[1],"tags":[],"class_list":["post-564","post","type-post","status-publish","format-standard","hentry"],"jetpack_featured_media_url":"","_links":{"self":[{"href":"https:\/\/muvhaz.orlaihaz.mezobereny.hu\/index.php?rest_route=\/wp\/v2\/posts\/564"}],"collection":[{"href":"https:\/\/muvhaz.orlaihaz.mezobereny.hu\/index.php?rest_route=\/wp\/v2\/posts"}],"about":[{"href":"https:\/\/muvhaz.orlaihaz.mezobereny.hu\/index.php?rest_route=\/wp\/v2\/types\/post"}],"replies":[{"embeddable":true,"href":"https:\/\/muvhaz.orlaihaz.mezobereny.hu\/index.php?rest_route=%2Fwp%2Fv2%2Fcomments&post=564"}],"version-history":[{"count":1,"href":"https:\/\/muvhaz.orlaihaz.mezobereny.hu\/index.php?rest_route=\/wp\/v2\/posts\/564\/revisions"}],"predecessor-version":[{"id":7972,"href":"https:\/\/muvhaz.orlaihaz.mezobereny.hu\/index.php?rest_route=\/wp\/v2\/posts\/564\/revisions\/7972"}],"wp:attachment":[{"href":"https:\/\/muvhaz.orlaihaz.mezobereny.hu\/index.php?rest_route=%2Fwp%2Fv2%2Fmedia&parent=564"}],"wp:term":[{"taxonomy":"category","embeddable":true,"href":"https:\/\/muvhaz.orlaihaz.mezobereny.hu\/index.php?rest_route=%2Fwp%2Fv2%2Fcategories&post=564"},{"taxonomy":"post_tag","embeddable":true,"href":"https:\/\/muvhaz.orlaihaz.mezobereny.hu\/index.php?rest_route=%2Fwp%2Fv2%2Ftags&post=564"}],"curies":[{"name":"wp","href":"https:\/\/api.w.org\/{rel}","templated":true}]}}