{"id":583,"date":"2014-11-28T00:00:00","date_gmt":"2014-11-27T23:00:00","guid":{"rendered":""},"modified":"-0001-11-30T00:00:00","modified_gmt":"-0001-11-29T22:00:00","slug":"","status":"publish","type":"post","link":"https:\/\/muvhaz.orlaihaz.mezobereny.hu\/?p=583","title":{"rendered":"Els\u0151 vil\u00e1gh\u00e1bor\u00fas fot\u00f3kkal gazdagodott a muze\u00e1lis gy\u0171jtem\u00e9ny"},"content":{"rendered":"<p class=\"ListParagraph\">&#8211; Az I. vil\u00e1gh\u00e1bor\u00fas h\u0151s\u00f6k eml\u00e9kk\u00f6nyve ut\u00e1n egy \u00fajabb \u00e9rt\u00e9kes els\u0151 vil\u00e1gh\u00e1bor\u00fas anyag, ez\u00fattal egy fot\u00f3gy\u0171jtem\u00e9ny ker\u00fclt el\u0151 &#8211; hallhatta az \u00e9rdekl\u0151d\u0151 k\u00f6z\u00f6ns\u00e9g K\u00f6r\u00f6si Mih\u00e1lyt\u00f3l. &#8211; A felv\u00e9teleket S\u00e1li Gy\u00f6rgy t\u00fcz\u00e9rtiszt k\u00e9sz\u00edtette, akir\u0151l keveset tudunk. Lesz\u00e1rmazottja Pap M\u00e1rta kilencven felv\u00e9telt adom\u00e1nyozott, ebb\u0151l most 68 ker\u00fclt a k\u00f6z\u00f6ns\u00e9g el\u00e9. A felv\u00e9telek nagyr\u00e9szt a h\u00e1bor\u00fa b\u00e9k\u00e9sebb pillanatait \u00f6r\u00f6k\u00edtett\u00e9k meg.<\/p>\r\n<p>\u00a0<\/p>\r\n<p>Csete Gyula, a gy\u0171jtem\u00e9ny szakmai vezet\u0151je elmondta a New Yorkban \u00e9l\u0151 Pap M\u00e1rta 2014 szeptember\u00e9ben kereste meg, \u00e9s akkor aj\u00e1nlotta fel a p\u00e1ratlan fot\u00f3gy\u0171jtem\u00e9nyt az int\u00e9zm\u00e9ny r\u00e9sz\u00e9re. A bemutatott felv\u00e9teleket v\u00e1logatta \u00e9s a ki\u00e1ll\u00edt\u00e1st rendezte Csete Gyula. A t\u00e1rlat megtekinthet\u0151\u00a0 2014. janu\u00e1r 31<strong>&#8211;<\/strong>ig.\u00a0<\/p>\r\n<p>\u00a0<\/p>\r\n<p>Dar\u00e1nyi Katalin k\u00f6z\u00e9piskolai t\u00f6rt\u00e9nelem tan\u00e1r<em> N\u0151k<\/em> <em>a h\u00e1torsz\u00e1gban<\/em> &#8211; <em>az I. vil\u00e1gh\u00e1bor\u00fa n\u0151i szemmel<\/em>, majd Bancsin\u00e9 Kardos Zsuzsa t\u00f6rt\u00e9n\u00e9sz <em>\u00dat a II. vil\u00e1gh\u00e1bor\u00faba<\/em> c\u00edmmel tartott sz\u00e9p sz\u00e1m\u00fa k\u00f6z\u00f6ns\u00e9g el\u0151tt sikeres el\u0151ad\u00e1st.<\/p>\r\n<p>\u00a0<\/p>\r\n<p>A rendezv\u00e9nyt a XX. Sz\u00e1zad Int\u00e9zet, az 1914-18 Els\u0151 Vil\u00e1gh\u00e1bor\u00fas Centen\u00e1riumi Eml\u00e9kbizotts\u00e1g \u00e9s a K\u00f6z\u00e9p- \u00e9s Kelet-Eur\u00f3pai T\u00f6rt\u00e9nelem \u00e9s T\u00e1rsadalom Kutat\u00e1s\u00e1\u00e9rt K\u00f6zalap\u00edtv\u00e1ny t\u00e1mogatta.<\/p>\r\nngg_shortcode_0_placeholder","protected":false},"excerpt":{"rendered":"<p>A M\u00fazeumi Est\u00e9k keret\u00e9ben 2014. november 27-\u00e9n a r\u00e9sztvev\u0151k az I. vil\u00e1gh\u00e1bor\u00fa centen\u00e1rium\u00e1r\u00f3l eml\u00e9keztek meg az OPSKK Muze\u00e1lis Gy\u0171jtem\u00e9ny\u00e9ben. K\u00f6r\u00f6si Mih\u00e1ly helyt\u00f6rt\u00e9n\u00e9sz, az \u00f6nkorm\u00e1nyzat hum\u00e1n\u00fcgyi bizotts\u00e1g\u00e1nak eln\u00f6ke nyitotta meg a <em>Magyar t\u00fcz\u00e9rek az orosz fronton<\/em> c\u00edm\u0171 fot\u00f3ki\u00e1ll\u00edt\u00e1st.\u00a0<\/p>\n","protected":false},"author":0,"featured_media":0,"comment_status":"closed","ping_status":"open","sticky":false,"template":"","format":"standard","meta":{"site-sidebar-layout":"default","site-content-layout":"","ast-site-content-layout":"","site-content-style":"default","site-sidebar-style":"default","ast-global-header-display":"","ast-banner-title-visibility":"","ast-main-header-display":"","ast-hfb-above-header-display":"","ast-hfb-below-header-display":"","ast-hfb-mobile-header-display":"","site-post-title":"","ast-breadcrumbs-content":"","ast-featured-img":"","footer-sml-layout":"","theme-transparent-header-meta":"","adv-header-id-meta":"","stick-header-meta":"","header-above-stick-meta":"","header-main-stick-meta":"","header-below-stick-meta":"","astra-migrate-meta-layouts":"default","ast-page-background-enabled":"default","ast-page-background-meta":{"desktop":{"background-color":"var(--ast-global-color-4)","background-image":"","background-repeat":"repeat","background-position":"center center","background-size":"auto","background-attachment":"scroll","background-type":"","background-media":"","overlay-type":"","overlay-color":"","overlay-opacity":"","overlay-gradient":""},"tablet":{"background-color":"","background-image":"","background-repeat":"repeat","background-position":"center center","background-size":"auto","background-attachment":"scroll","background-type":"","background-media":"","overlay-type":"","overlay-color":"","overlay-opacity":"","overlay-gradient":""},"mobile":{"background-color":"","background-image":"","background-repeat":"repeat","background-position":"center center","background-size":"auto","background-attachment":"scroll","background-type":"","background-media":"","overlay-type":"","overlay-color":"","overlay-opacity":"","overlay-gradient":""}},"ast-content-background-meta":{"desktop":{"background-color":"var(--ast-global-color-5)","background-image":"","background-repeat":"repeat","background-position":"center center","background-size":"auto","background-attachment":"scroll","background-type":"","background-media":"","overlay-type":"","overlay-color":"","overlay-opacity":"","overlay-gradient":""},"tablet":{"background-color":"var(--ast-global-color-5)","background-image":"","background-repeat":"repeat","background-position":"center center","background-size":"auto","background-attachment":"scroll","background-type":"","background-media":"","overlay-type":"","overlay-color":"","overlay-opacity":"","overlay-gradient":""},"mobile":{"background-color":"var(--ast-global-color-5)","background-image":"","background-repeat":"repeat","background-position":"center center","background-size":"auto","background-attachment":"scroll","background-type":"","background-media":"","overlay-type":"","overlay-color":"","overlay-opacity":"","overlay-gradient":""}},"ngg_post_thumbnail":0,"footnotes":""},"categories":[1],"tags":[],"class_list":["post-583","post","type-post","status-publish","format-standard","hentry"],"jetpack_featured_media_url":"","_links":{"self":[{"href":"https:\/\/muvhaz.orlaihaz.mezobereny.hu\/index.php?rest_route=\/wp\/v2\/posts\/583"}],"collection":[{"href":"https:\/\/muvhaz.orlaihaz.mezobereny.hu\/index.php?rest_route=\/wp\/v2\/posts"}],"about":[{"href":"https:\/\/muvhaz.orlaihaz.mezobereny.hu\/index.php?rest_route=\/wp\/v2\/types\/post"}],"replies":[{"embeddable":true,"href":"https:\/\/muvhaz.orlaihaz.mezobereny.hu\/index.php?rest_route=%2Fwp%2Fv2%2Fcomments&post=583"}],"version-history":[{"count":0,"href":"https:\/\/muvhaz.orlaihaz.mezobereny.hu\/index.php?rest_route=\/wp\/v2\/posts\/583\/revisions"}],"wp:attachment":[{"href":"https:\/\/muvhaz.orlaihaz.mezobereny.hu\/index.php?rest_route=%2Fwp%2Fv2%2Fmedia&parent=583"}],"wp:term":[{"taxonomy":"category","embeddable":true,"href":"https:\/\/muvhaz.orlaihaz.mezobereny.hu\/index.php?rest_route=%2Fwp%2Fv2%2Fcategories&post=583"},{"taxonomy":"post_tag","embeddable":true,"href":"https:\/\/muvhaz.orlaihaz.mezobereny.hu\/index.php?rest_route=%2Fwp%2Fv2%2Ftags&post=583"}],"curies":[{"name":"wp","href":"https:\/\/api.w.org\/{rel}","templated":true}]}}