{"id":588,"date":"2014-12-03T00:00:00","date_gmt":"2014-12-02T23:00:00","guid":{"rendered":""},"modified":"-0001-11-30T00:00:00","modified_gmt":"-0001-11-29T22:00:00","slug":"","status":"publish","type":"post","link":"https:\/\/muvhaz.orlaihaz.mezobereny.hu\/?p=588","title":{"rendered":"Fogyat\u00e9kkal \u00e9l\u0151k a sz\u00ednpadon"},"content":{"rendered":"<p>A megjelenteket Mikl\u00f3sik B\u00e9l\u00e1n\u00e9, a F\u00f6ldi Harm\u00f3nia H\u00e1z megb\u00edzott int\u00e9zm\u00e9nyvezet\u0151je k\u00f6sz\u00f6nt\u00f6tte. Sikl\u00f3si Istv\u00e1n polg\u00e1rmester megnyit\u00f3ja ut\u00e1n a kultur\u00e1lis m\u0171sor nyit\u00e1nyak\u00e9nt M\u00e1t\u00e9 Norbert, a F\u00f6ldi Harm\u00f3nia H\u00e1z gondozottja harmonik\u00e1n adta el\u0151 a <em>Sohase mond<\/em> c\u00edm\u0171 \u00f6r\u00f6kz\u00f6ld sl\u00e1gert. Mez\u0151ber\u00e9ny v\u00e1ross\u00e1 avat\u00e1sa 25. \u00e9vfordul\u00f3ja alkalm\u00e1b\u00f3l 25 gyerty\u00e1t gy\u00fajtottak meg. \u00a0<\/p>\r\n<p>A kultur\u00e1lis m\u0171sorban jellemz\u0151en kelet-magyarorsz\u00e1gi nappali ell\u00e1t\u00f3 int\u00e9zetek csoportjai l\u00e9ptek f\u00f6l. Mez\u0151ber\u00e9ny k\u00e9pviselet\u00e9ben a F\u00f6ldi Harm\u00f3nia H\u00e1z k\u00f6z\u00f6ss\u00e9ge a <em>Tengeri t\u00f6rt\u00e9net<\/em> c\u00edm\u0171 fekete sz\u00ednh\u00e1zi produkci\u00f3t adtak el\u0151. A M\u00e9cses Szolg\u00e1l\u00f3 K\u00f6z\u00f6ss\u00e9gi Egyes\u00fclet az <em>Adventi h\u00edrn\u00f6k\u00f6k<\/em> c\u00edm\u0171 m\u0171sort mutatta be. Sz\u0171cs \u00c1kos Bal\u00e1zs, a F\u00f6ldi Harm\u00f3nia H\u00e1z gondozottja az <em>\u00d3, Tannenbaum<\/em> c\u00edm\u0171 kar\u00e1csonyi dalt \u00e9nekelte el n\u00e9met\u00fcl. M\u00e1t\u00e9 Norbert kar\u00e1csonyi dalokat is elj\u00e1tszott harmonik\u00e1j\u00e1n.<\/p>\r\n<p>A program szt\u00e1rvend\u00e9ge Ag\u00e1rdi Szilvia volt, aki k\u00f6ztudottan l\u00e1t\u00e1si probl\u00e9m\u00e1kkal k\u00fczd. Gyermekkora \u00f3ta \u00e9nekel, orsz\u00e1gos ismerts\u00e9gre 2012-ben tett szert, amikor bejutott a The Voice &#8211; Magyarorsz\u00e1g hangja c\u00edm\u0171 tehets\u00e9gkutat\u00f3 m\u0171sorba. A r\u00e1k\u00f6vetkez\u0151 esztend\u0151ben P\u00e1l D\u00e9nessel k\u00f6z\u00f6sen el\u0151adott <em>Sz\u00edveddel l\u00e1ss<\/em> c\u00edm\u0171 dalukkal beker\u00fclt az Eurov\u00edzi\u00f3s Dalfesztiv\u00e1l magyarorsz\u00e1gi v\u00e1logat\u00f3j\u00e1ba. Ag\u00e1rdi Szilvia dalai annyira tetszettek a gondozottaknak, hogy n\u00e9h\u00e1nyan t\u00e1ncra is perd\u00fcltek.<\/p>\r\n<p>A kultur\u00e1lis m\u0171sor ut\u00e1n a r\u00e9sztvev\u0151k a mez\u0151ber\u00e9nyi v\u00e1ross\u00e1 nyilv\u00e1n\u00edt\u00e1si \u00e9vfordul\u00f3 eml\u00e9k\u00e9re 25 percet s\u00e9t\u00e1ltak, majd azt k\u00f6z\u00f6s buli k\u00f6vette az OPSKK-ban. A mulats\u00e1gon Bukor Csaba is \u00e9nekelt. \u00a0\u00a0\u00a0<\/p>\r\nngg_shortcode_0_placeholder","protected":false},"excerpt":{"rendered":"<p>A Fogjunk \u00d6ssze K\u00f6zhaszn\u00fa Egyes\u00fclet imm\u00e1r 10. \u00e9ve rendezi meg Mez\u0151ber\u00e9nyben a Fogyat\u00e9kosok Nemzetk\u00f6zi Napj\u00e1t, az id\u00e9n erre 2014. december 3-\u00e1n ker\u00fclt sor az Orlai Petrics Soma Kultur\u00e1lis K\u00f6zpontban. A jelenl\u00e9v\u0151k megtapasztalhatt\u00e1k, hogy a fogyat\u00e9kkal \u00e9l\u0151k probl\u00e9m\u00e1jukat elfogadva milyen felszabadultan v\u00e1llalj\u00e1k fel a sz\u00ednpad nyilv\u00e1noss\u00e1g\u00e1t, \u00e9s \u00e9nekelnek, t\u00e1ncolnak, egy\u00e1ltal\u00e1n \u00f6r\u00fclnek az \u00e9letnek.<\/p>\n","protected":false},"author":0,"featured_media":0,"comment_status":"closed","ping_status":"open","sticky":false,"template":"","format":"standard","meta":{"site-sidebar-layout":"default","site-content-layout":"","ast-site-content-layout":"","site-content-style":"default","site-sidebar-style":"default","ast-global-header-display":"","ast-banner-title-visibility":"","ast-main-header-display":"","ast-hfb-above-header-display":"","ast-hfb-below-header-display":"","ast-hfb-mobile-header-display":"","site-post-title":"","ast-breadcrumbs-content":"","ast-featured-img":"","footer-sml-layout":"","theme-transparent-header-meta":"","adv-header-id-meta":"","stick-header-meta":"","header-above-stick-meta":"","header-main-stick-meta":"","header-below-stick-meta":"","astra-migrate-meta-layouts":"default","ast-page-background-enabled":"default","ast-page-background-meta":{"desktop":{"background-color":"var(--ast-global-color-4)","background-image":"","background-repeat":"repeat","background-position":"center center","background-size":"auto","background-attachment":"scroll","background-type":"","background-media":"","overlay-type":"","overlay-color":"","overlay-opacity":"","overlay-gradient":""},"tablet":{"background-color":"","background-image":"","background-repeat":"repeat","background-position":"center center","background-size":"auto","background-attachment":"scroll","background-type":"","background-media":"","overlay-type":"","overlay-color":"","overlay-opacity":"","overlay-gradient":""},"mobile":{"background-color":"","background-image":"","background-repeat":"repeat","background-position":"center center","background-size":"auto","background-attachment":"scroll","background-type":"","background-media":"","overlay-type":"","overlay-color":"","overlay-opacity":"","overlay-gradient":""}},"ast-content-background-meta":{"desktop":{"background-color":"var(--ast-global-color-5)","background-image":"","background-repeat":"repeat","background-position":"center center","background-size":"auto","background-attachment":"scroll","background-type":"","background-media":"","overlay-type":"","overlay-color":"","overlay-opacity":"","overlay-gradient":""},"tablet":{"background-color":"var(--ast-global-color-5)","background-image":"","background-repeat":"repeat","background-position":"center center","background-size":"auto","background-attachment":"scroll","background-type":"","background-media":"","overlay-type":"","overlay-color":"","overlay-opacity":"","overlay-gradient":""},"mobile":{"background-color":"var(--ast-global-color-5)","background-image":"","background-repeat":"repeat","background-position":"center center","background-size":"auto","background-attachment":"scroll","background-type":"","background-media":"","overlay-type":"","overlay-color":"","overlay-opacity":"","overlay-gradient":""}},"ngg_post_thumbnail":0,"footnotes":""},"categories":[1],"tags":[],"class_list":["post-588","post","type-post","status-publish","format-standard","hentry"],"jetpack_featured_media_url":"","_links":{"self":[{"href":"https:\/\/muvhaz.orlaihaz.mezobereny.hu\/index.php?rest_route=\/wp\/v2\/posts\/588"}],"collection":[{"href":"https:\/\/muvhaz.orlaihaz.mezobereny.hu\/index.php?rest_route=\/wp\/v2\/posts"}],"about":[{"href":"https:\/\/muvhaz.orlaihaz.mezobereny.hu\/index.php?rest_route=\/wp\/v2\/types\/post"}],"replies":[{"embeddable":true,"href":"https:\/\/muvhaz.orlaihaz.mezobereny.hu\/index.php?rest_route=%2Fwp%2Fv2%2Fcomments&post=588"}],"version-history":[{"count":0,"href":"https:\/\/muvhaz.orlaihaz.mezobereny.hu\/index.php?rest_route=\/wp\/v2\/posts\/588\/revisions"}],"wp:attachment":[{"href":"https:\/\/muvhaz.orlaihaz.mezobereny.hu\/index.php?rest_route=%2Fwp%2Fv2%2Fmedia&parent=588"}],"wp:term":[{"taxonomy":"category","embeddable":true,"href":"https:\/\/muvhaz.orlaihaz.mezobereny.hu\/index.php?rest_route=%2Fwp%2Fv2%2Fcategories&post=588"},{"taxonomy":"post_tag","embeddable":true,"href":"https:\/\/muvhaz.orlaihaz.mezobereny.hu\/index.php?rest_route=%2Fwp%2Fv2%2Ftags&post=588"}],"curies":[{"name":"wp","href":"https:\/\/api.w.org\/{rel}","templated":true}]}}