{"id":595,"date":"2014-12-17T00:00:00","date_gmt":"2014-12-16T23:00:00","guid":{"rendered":""},"modified":"-0001-11-30T00:00:00","modified_gmt":"-0001-11-29T22:00:00","slug":"","status":"publish","type":"post","link":"https:\/\/muvhaz.orlaihaz.mezobereny.hu\/?p=595","title":{"rendered":"Miniszteri biztos a kultur\u00e1lis k\u00f6zpontban"},"content":{"rendered":"<p>A konferencia r\u00e9sztvev\u0151it el\u0151bb Bal\u00e1zsn\u00e9 Nelh\u00fcbel Henriette, az egyes\u00fclet \u00fcgyvezet\u0151je, majd Szekeres P\u00e1l k\u00f6sz\u00f6nt\u00f6tte.\u00a0 A miniszteri biztos kifejtette, a fogyat\u00e9kkal \u00e9l\u0151knek k\u00f6nnyebbek a mindennapjaik, ha a k\u00f6z\u00f6ss\u00e9g elfogadja \u0151ket, \u00e9s Mez\u0151ber\u00e9nynek jelk\u00e9pesen befogad\u00f3 d\u00edjat adott \u00e1t. P\u00e9ldak\u00e9nt mag\u00e1r\u00f3l annyit mondott el, hogy nem csak kerekes sz\u00e9ke, hanem feles\u00e9ge \u00e9s h\u00e1rom gyermeke is van, \u00e9s \u00f6r\u00f6mmel v\u00e1llalta a csal\u00e1dj\u00e1t.<\/p>\r\n<p>Sikl\u00f3si Istv\u00e1n polg\u00e1rmester arr\u00f3l sz\u00f3lt, hogy a k\u00f6zel 11 ezres v\u00e1rosban 64 regisztr\u00e1lt civil szervezet m\u0171k\u00f6dik, ezek m\u0171k\u00f6d\u00e9s\u00fckkel az \u00e9let sz\u00e1mos ter\u00fclett\u00e9t fel\u00f6lelik. Kifejtette, az \u00f6nkorm\u00e1nyzatnak az\u00e9rt j\u00f3 a kapcsolata a civilekkel, mert nem csak elv\u00e1r\u00e1sait fogalmazza meg vel\u00fck szemben, hanem t\u00e1mogatja is \u0151ket.<\/p>\r\n<p>A konferenci\u00e1n bemutatt\u00e1k az egyes\u00fclet h\u00e1rom uni\u00f3s p\u00e1ly\u00e1zat\u00e1t, majd kultur\u00e1lis m\u0171sorral a k\u00f6zelg\u0151 kar\u00e1csonyr\u00f3l eml\u00e9keztek meg.\u00a0<\/p>\r\nngg_shortcode_0_placeholder","protected":false},"excerpt":{"rendered":"<p>A M\u00e9cses Egyes\u00fclet 2014. december 17-\u00e9n az Orlai Petrics Soma Kultur\u00e1lis K\u00f6zpontban tartotta meg h\u00e1rom uni\u00f3s p\u00e1ly\u00e1zata nyit\u00f3 konferenci\u00e1j\u00e1t, ezen r\u00e9szt vett Szekeres P\u00e1l, az Emberi Er\u0151forr\u00e1sok Miniszt\u00e9riuma miniszteri biztosa, aki a mai napig vil\u00e1gon az egyetlen sportol\u00f3, aki mind olimpi\u00e1n, mind paralimpi\u00e1n \u00e9rmet szerzett.<\/p>\n","protected":false},"author":0,"featured_media":0,"comment_status":"closed","ping_status":"open","sticky":false,"template":"","format":"standard","meta":{"site-sidebar-layout":"default","site-content-layout":"","ast-site-content-layout":"","site-content-style":"default","site-sidebar-style":"default","ast-global-header-display":"","ast-banner-title-visibility":"","ast-main-header-display":"","ast-hfb-above-header-display":"","ast-hfb-below-header-display":"","ast-hfb-mobile-header-display":"","site-post-title":"","ast-breadcrumbs-content":"","ast-featured-img":"","footer-sml-layout":"","theme-transparent-header-meta":"","adv-header-id-meta":"","stick-header-meta":"","header-above-stick-meta":"","header-main-stick-meta":"","header-below-stick-meta":"","astra-migrate-meta-layouts":"default","ast-page-background-enabled":"default","ast-page-background-meta":{"desktop":{"background-color":"var(--ast-global-color-4)","background-image":"","background-repeat":"repeat","background-position":"center center","background-size":"auto","background-attachment":"scroll","background-type":"","background-media":"","overlay-type":"","overlay-color":"","overlay-opacity":"","overlay-gradient":""},"tablet":{"background-color":"","background-image":"","background-repeat":"repeat","background-position":"center center","background-size":"auto","background-attachment":"scroll","background-type":"","background-media":"","overlay-type":"","overlay-color":"","overlay-opacity":"","overlay-gradient":""},"mobile":{"background-color":"","background-image":"","background-repeat":"repeat","background-position":"center center","background-size":"auto","background-attachment":"scroll","background-type":"","background-media":"","overlay-type":"","overlay-color":"","overlay-opacity":"","overlay-gradient":""}},"ast-content-background-meta":{"desktop":{"background-color":"var(--ast-global-color-5)","background-image":"","background-repeat":"repeat","background-position":"center center","background-size":"auto","background-attachment":"scroll","background-type":"","background-media":"","overlay-type":"","overlay-color":"","overlay-opacity":"","overlay-gradient":""},"tablet":{"background-color":"var(--ast-global-color-5)","background-image":"","background-repeat":"repeat","background-position":"center center","background-size":"auto","background-attachment":"scroll","background-type":"","background-media":"","overlay-type":"","overlay-color":"","overlay-opacity":"","overlay-gradient":""},"mobile":{"background-color":"var(--ast-global-color-5)","background-image":"","background-repeat":"repeat","background-position":"center center","background-size":"auto","background-attachment":"scroll","background-type":"","background-media":"","overlay-type":"","overlay-color":"","overlay-opacity":"","overlay-gradient":""}},"ngg_post_thumbnail":0,"footnotes":""},"categories":[1],"tags":[],"class_list":["post-595","post","type-post","status-publish","format-standard","hentry"],"jetpack_featured_media_url":"","_links":{"self":[{"href":"https:\/\/muvhaz.orlaihaz.mezobereny.hu\/index.php?rest_route=\/wp\/v2\/posts\/595"}],"collection":[{"href":"https:\/\/muvhaz.orlaihaz.mezobereny.hu\/index.php?rest_route=\/wp\/v2\/posts"}],"about":[{"href":"https:\/\/muvhaz.orlaihaz.mezobereny.hu\/index.php?rest_route=\/wp\/v2\/types\/post"}],"replies":[{"embeddable":true,"href":"https:\/\/muvhaz.orlaihaz.mezobereny.hu\/index.php?rest_route=%2Fwp%2Fv2%2Fcomments&post=595"}],"version-history":[{"count":0,"href":"https:\/\/muvhaz.orlaihaz.mezobereny.hu\/index.php?rest_route=\/wp\/v2\/posts\/595\/revisions"}],"wp:attachment":[{"href":"https:\/\/muvhaz.orlaihaz.mezobereny.hu\/index.php?rest_route=%2Fwp%2Fv2%2Fmedia&parent=595"}],"wp:term":[{"taxonomy":"category","embeddable":true,"href":"https:\/\/muvhaz.orlaihaz.mezobereny.hu\/index.php?rest_route=%2Fwp%2Fv2%2Fcategories&post=595"},{"taxonomy":"post_tag","embeddable":true,"href":"https:\/\/muvhaz.orlaihaz.mezobereny.hu\/index.php?rest_route=%2Fwp%2Fv2%2Ftags&post=595"}],"curies":[{"name":"wp","href":"https:\/\/api.w.org\/{rel}","templated":true}]}}