{"id":7402,"date":"2024-03-07T10:13:49","date_gmt":"2024-03-07T09:13:49","guid":{"rendered":"https:\/\/muvhaz.orlaihaz.mezobereny.hu\/?p=7402"},"modified":"2024-03-07T10:13:49","modified_gmt":"2024-03-07T09:13:49","slug":"forras-hazateres-kutja","status":"publish","type":"post","link":"https:\/\/muvhaz.orlaihaz.mezobereny.hu\/?p=7402","title":{"rendered":"Forr\u00e1s &#8211; Hazat\u00e9r\u00e9s k\u00fatja"},"content":{"rendered":"\n<p>Forr\u00e1s c\u00edm\u0171 k\u00f6zt\u00e9ri k\u00fat \u00e9s szobor Lesty\u00e1n-Goda J\u00e1nos alkot\u00e1sa. A m\u0171alkot\u00e1s szervesen illeszkedik a t\u00e9r d\u00edsz\u00e9t jelent\u0151 sz\u00f6k\u0151k\u00fathoz. Az alkot\u00e1s \u00edgy kett\u0151s: a sz\u00f6k\u0151k\u00fat a Szovjetuni\u00f3ba deport\u00e1ltak, az ott elhaltak \u00e9s hazat\u00e9rtek eml\u00e9k\u00e9re k\u00e9sz\u00fclt \u00e9s a Hazat\u00e9r\u00e9s k\u00fatj\u00e1nak lett elnevezve (Avatva 2016. okt\u00f3ber 14.)<\/p>\n\n\n\n<p>Tov\u00e1bbi \u00e9rdekess\u00e9geket megtudhatnak az al\u00e1bbi linken vagy interakt\u00edv <a href=\"https:\/\/www.google.com\/maps\/d\/edit?mid=1tyaC5Ou2vGz7le_ogFVrn-iBf-LTk6ri&#038;ll=46.82489395774923%2C21.027915749572834&#038;z=17\">t\u00e9rk\u00e9p\u00fcnkr\u0151l<\/a>\n\n\n\n<ul class=\"wp-block-list\">\n<li>HU:\u00a0<a rel=\"noreferrer noopener\" href=\"https:\/\/youtu.be\/Ce5x0ogh6p0\" target=\"_blank\">https:\/\/youtu.be\/Ce5x0ogh6p0<\/a><\/li>\n\n\n\n<li>EN:\u00a0<a rel=\"noreferrer noopener\" href=\"https:\/\/youtu.be\/mWoO1fjAWNw\" target=\"_blank\">https:\/\/youtu.be\/mWoO1fjAWNw<\/a><\/li>\n\n\n\n<li>DE:\u00a0<a rel=\"noreferrer noopener\" href=\"https:\/\/youtube.com\/shorts\/__zncCHlCc0\" target=\"_blank\">https:\/\/youtube.com\/shorts\/__zncCHlCc0<\/a><\/li>\n<\/ul>\n\n\n\n<figure class=\"wp-block-image aligncenter size-full is-resized\"><img fetchpriority=\"high\" decoding=\"async\" width=\"1024\" height=\"683\" src=\"https:\/\/muvhaz.orlaihaz.mezobereny.hu\/wp-content\/uploads\/sites\/2\/2024\/03\/DSC_0036.jpg\" alt=\"\" class=\"wp-image-7403\" style=\"aspect-ratio:1.499267935578331;width:853px;height:auto\" srcset=\"https:\/\/muvhaz.orlaihaz.mezobereny.hu\/wp-content\/uploads\/sites\/2\/2024\/03\/DSC_0036.jpg 1024w, https:\/\/muvhaz.orlaihaz.mezobereny.hu\/wp-content\/uploads\/sites\/2\/2024\/03\/DSC_0036-300x200.jpg 300w, https:\/\/muvhaz.orlaihaz.mezobereny.hu\/wp-content\/uploads\/sites\/2\/2024\/03\/DSC_0036-768x512.jpg 768w\" sizes=\"(max-width: 1024px) 100vw, 1024px\" \/><\/figure>\n","protected":false},"excerpt":{"rendered":"<p>Forr\u00e1s c\u00edm\u0171 k\u00f6zt\u00e9ri k\u00fat \u00e9s szobor Lesty\u00e1n-Goda J\u00e1nos alkot\u00e1sa. A m\u0171alkot\u00e1s szervesen illeszkedik a t\u00e9r d\u00edsz\u00e9t jelent\u0151 sz\u00f6k\u0151k\u00fathoz. Az alkot\u00e1s \u00edgy kett\u0151s: a sz\u00f6k\u0151k\u00fat a Szovjetuni\u00f3ba deport\u00e1ltak, az ott elhaltak [&hellip;]<\/p>\n","protected":false},"author":1,"featured_media":34124,"comment_status":"closed","ping_status":"open","sticky":false,"template":"","format":"standard","meta":{"site-sidebar-layout":"default","site-content-layout":"","ast-site-content-layout":"","site-content-style":"default","site-sidebar-style":"default","ast-global-header-display":"","ast-banner-title-visibility":"","ast-main-header-display":"","ast-hfb-above-header-display":"","ast-hfb-below-header-display":"","ast-hfb-mobile-header-display":"","site-post-title":"","ast-breadcrumbs-content":"","ast-featured-img":"","footer-sml-layout":"","theme-transparent-header-meta":"","adv-header-id-meta":"","stick-header-meta":"","header-above-stick-meta":"","header-main-stick-meta":"","header-below-stick-meta":"","astra-migrate-meta-layouts":"default","ast-page-background-enabled":"default","ast-page-background-meta":{"desktop":{"background-color":"var(--ast-global-color-4)","background-image":"","background-repeat":"repeat","background-position":"center center","background-size":"auto","background-attachment":"scroll","background-type":"","background-media":"","overlay-type":"","overlay-color":"","overlay-opacity":"","overlay-gradient":""},"tablet":{"background-color":"","background-image":"","background-repeat":"repeat","background-position":"center center","background-size":"auto","background-attachment":"scroll","background-type":"","background-media":"","overlay-type":"","overlay-color":"","overlay-opacity":"","overlay-gradient":""},"mobile":{"background-color":"","background-image":"","background-repeat":"repeat","background-position":"center center","background-size":"auto","background-attachment":"scroll","background-type":"","background-media":"","overlay-type":"","overlay-color":"","overlay-opacity":"","overlay-gradient":""}},"ast-content-background-meta":{"desktop":{"background-color":"var(--ast-global-color-5)","background-image":"","background-repeat":"repeat","background-position":"center center","background-size":"auto","background-attachment":"scroll","background-type":"","background-media":"","overlay-type":"","overlay-color":"","overlay-opacity":"","overlay-gradient":""},"tablet":{"background-color":"var(--ast-global-color-5)","background-image":"","background-repeat":"repeat","background-position":"center center","background-size":"auto","background-attachment":"scroll","background-type":"","background-media":"","overlay-type":"","overlay-color":"","overlay-opacity":"","overlay-gradient":""},"mobile":{"background-color":"var(--ast-global-color-5)","background-image":"","background-repeat":"repeat","background-position":"center center","background-size":"auto","background-attachment":"scroll","background-type":"","background-media":"","overlay-type":"","overlay-color":"","overlay-opacity":"","overlay-gradient":""}},"ngg_post_thumbnail":0,"footnotes":""},"categories":[11],"tags":[],"class_list":["post-7402","post","type-post","status-publish","format-standard","has-post-thumbnail","hentry","category-szobraink"],"jetpack_featured_media_url":"https:\/\/muvhaz.orlaihaz.mezobereny.hu\/wp-content\/uploads\/sites\/2\/2024\/05\/DSC_0036.jpg","_links":{"self":[{"href":"https:\/\/muvhaz.orlaihaz.mezobereny.hu\/index.php?rest_route=\/wp\/v2\/posts\/7402"}],"collection":[{"href":"https:\/\/muvhaz.orlaihaz.mezobereny.hu\/index.php?rest_route=\/wp\/v2\/posts"}],"about":[{"href":"https:\/\/muvhaz.orlaihaz.mezobereny.hu\/index.php?rest_route=\/wp\/v2\/types\/post"}],"author":[{"embeddable":true,"href":"https:\/\/muvhaz.orlaihaz.mezobereny.hu\/index.php?rest_route=\/wp\/v2\/users\/1"}],"replies":[{"embeddable":true,"href":"https:\/\/muvhaz.orlaihaz.mezobereny.hu\/index.php?rest_route=%2Fwp%2Fv2%2Fcomments&post=7402"}],"version-history":[{"count":1,"href":"https:\/\/muvhaz.orlaihaz.mezobereny.hu\/index.php?rest_route=\/wp\/v2\/posts\/7402\/revisions"}],"predecessor-version":[{"id":7404,"href":"https:\/\/muvhaz.orlaihaz.mezobereny.hu\/index.php?rest_route=\/wp\/v2\/posts\/7402\/revisions\/7404"}],"wp:featuredmedia":[{"embeddable":true,"href":"https:\/\/muvhaz.orlaihaz.mezobereny.hu\/index.php?rest_route=\/wp\/v2\/media\/34124"}],"wp:attachment":[{"href":"https:\/\/muvhaz.orlaihaz.mezobereny.hu\/index.php?rest_route=%2Fwp%2Fv2%2Fmedia&parent=7402"}],"wp:term":[{"taxonomy":"category","embeddable":true,"href":"https:\/\/muvhaz.orlaihaz.mezobereny.hu\/index.php?rest_route=%2Fwp%2Fv2%2Fcategories&post=7402"},{"taxonomy":"post_tag","embeddable":true,"href":"https:\/\/muvhaz.orlaihaz.mezobereny.hu\/index.php?rest_route=%2Fwp%2Fv2%2Ftags&post=7402"}],"curies":[{"name":"wp","href":"https:\/\/api.w.org\/{rel}","templated":true}]}}