{"id":7559,"date":"2024-01-22T10:17:15","date_gmt":"2024-01-22T09:17:15","guid":{"rendered":"https:\/\/muvhaz.orlaihaz.mezobereny.hu\/?p=7559"},"modified":"2024-06-06T14:31:33","modified_gmt":"2024-06-06T12:31:33","slug":"tiszta-szivvel","status":"publish","type":"post","link":"https:\/\/muvhaz.orlaihaz.mezobereny.hu\/?p=7559","title":{"rendered":"Tiszta sz\u00edvvel"},"content":{"rendered":"\n<p>Tiszta sz\u00edvvel megzen\u00e9s\u00edtett versek \u00e9s ismert dalok a Magyar Kult\u00fara Napja alkalm\u00e1b\u00f3l az Orlai h\u00e1zban 2024. janu\u00e1r 22-\u00e9n 17 \u00f3r\u00e1t\u00f3l.<br>K\u00f6sz\u00f6nt\u0151t mond: Sikl\u00f3si Istv\u00e1n, Mez\u0151ber\u00e9ny v\u00e1ros polg\u00e1rmestere, el\u0151ad\u00f3k: Vadkerti Imre, Zsapka Attila, Sipos D\u00e1vid, Sz\u0171ts Istv\u00e1n<br>A bel\u00e9p\u00e9s ingyenes. Minden kedves \u00e9rdekl\u0151d\u0151t szeretettel v\u00e1runk!<\/p>\n\n\n\n<figure class=\"wp-block-image aligncenter size-large is-resized\"><img fetchpriority=\"high\" decoding=\"async\" width=\"717\" height=\"1024\" src=\"https:\/\/muvhaz.orlaihaz.mezobereny.hu\/wp-content\/uploads\/sites\/2\/2024\/06\/magyar-kultura-napja-PLAKAT-2-717x1024.jpg\" alt=\"\" class=\"wp-image-34812\" style=\"aspect-ratio:0.7001953125;width:521px;height:auto\" srcset=\"https:\/\/muvhaz.orlaihaz.mezobereny.hu\/wp-content\/uploads\/sites\/2\/2024\/06\/magyar-kultura-napja-PLAKAT-2-717x1024.jpg 717w, https:\/\/muvhaz.orlaihaz.mezobereny.hu\/wp-content\/uploads\/sites\/2\/2024\/06\/magyar-kultura-napja-PLAKAT-2-210x300.jpg 210w, https:\/\/muvhaz.orlaihaz.mezobereny.hu\/wp-content\/uploads\/sites\/2\/2024\/06\/magyar-kultura-napja-PLAKAT-2-768x1097.jpg 768w, https:\/\/muvhaz.orlaihaz.mezobereny.hu\/wp-content\/uploads\/sites\/2\/2024\/06\/magyar-kultura-napja-PLAKAT-2-1076x1536.jpg 1076w, https:\/\/muvhaz.orlaihaz.mezobereny.hu\/wp-content\/uploads\/sites\/2\/2024\/06\/magyar-kultura-napja-PLAKAT-2-1434x2048.jpg 1434w, https:\/\/muvhaz.orlaihaz.mezobereny.hu\/wp-content\/uploads\/sites\/2\/2024\/06\/magyar-kultura-napja-PLAKAT-2.jpg 1696w\" sizes=\"(max-width: 717px) 100vw, 717px\" \/><\/figure>\n","protected":false},"excerpt":{"rendered":"<p>Tiszta sz\u00edvvel megzen\u00e9s\u00edtett versek \u00e9s ismert dalok a Magyar Kult\u00fara Napja alkalm\u00e1b\u00f3l az Orlai h\u00e1zban 2024. janu\u00e1r 22-\u00e9n 17 \u00f3r\u00e1t\u00f3l.K\u00f6sz\u00f6nt\u0151t mond: Sikl\u00f3si Istv\u00e1n, Mez\u0151ber\u00e9ny v\u00e1ros polg\u00e1rmestere, el\u0151ad\u00f3k: Vadkerti Imre, Zsapka [&hellip;]<\/p>\n","protected":false},"author":1,"featured_media":34805,"comment_status":"closed","ping_status":"open","sticky":false,"template":"","format":"standard","meta":{"site-sidebar-layout":"default","site-content-layout":"","ast-site-content-layout":"","site-content-style":"default","site-sidebar-style":"default","ast-global-header-display":"","ast-banner-title-visibility":"","ast-main-header-display":"","ast-hfb-above-header-display":"","ast-hfb-below-header-display":"","ast-hfb-mobile-header-display":"","site-post-title":"","ast-breadcrumbs-content":"","ast-featured-img":"","footer-sml-layout":"","theme-transparent-header-meta":"","adv-header-id-meta":"","stick-header-meta":"","header-above-stick-meta":"","header-main-stick-meta":"","header-below-stick-meta":"","astra-migrate-meta-layouts":"default","ast-page-background-enabled":"default","ast-page-background-meta":{"desktop":{"background-color":"var(--ast-global-color-4)","background-image":"","background-repeat":"repeat","background-position":"center center","background-size":"auto","background-attachment":"scroll","background-type":"","background-media":"","overlay-type":"","overlay-color":"","overlay-opacity":"","overlay-gradient":""},"tablet":{"background-color":"","background-image":"","background-repeat":"repeat","background-position":"center center","background-size":"auto","background-attachment":"scroll","background-type":"","background-media":"","overlay-type":"","overlay-color":"","overlay-opacity":"","overlay-gradient":""},"mobile":{"background-color":"","background-image":"","background-repeat":"repeat","background-position":"center center","background-size":"auto","background-attachment":"scroll","background-type":"","background-media":"","overlay-type":"","overlay-color":"","overlay-opacity":"","overlay-gradient":""}},"ast-content-background-meta":{"desktop":{"background-color":"var(--ast-global-color-5)","background-image":"","background-repeat":"repeat","background-position":"center center","background-size":"auto","background-attachment":"scroll","background-type":"","background-media":"","overlay-type":"","overlay-color":"","overlay-opacity":"","overlay-gradient":""},"tablet":{"background-color":"var(--ast-global-color-5)","background-image":"","background-repeat":"repeat","background-position":"center center","background-size":"auto","background-attachment":"scroll","background-type":"","background-media":"","overlay-type":"","overlay-color":"","overlay-opacity":"","overlay-gradient":""},"mobile":{"background-color":"var(--ast-global-color-5)","background-image":"","background-repeat":"repeat","background-position":"center center","background-size":"auto","background-attachment":"scroll","background-type":"","background-media":"","overlay-type":"","overlay-color":"","overlay-opacity":"","overlay-gradient":""}},"ngg_post_thumbnail":0,"footnotes":""},"categories":[1],"tags":[],"class_list":["post-7559","post","type-post","status-publish","format-standard","has-post-thumbnail","hentry"],"jetpack_featured_media_url":"https:\/\/muvhaz.orlaihaz.mezobereny.hu\/wp-content\/uploads\/sites\/2\/2024\/06\/magyar-kultura-napja-PLAKAT.jpg","_links":{"self":[{"href":"https:\/\/muvhaz.orlaihaz.mezobereny.hu\/index.php?rest_route=\/wp\/v2\/posts\/7559"}],"collection":[{"href":"https:\/\/muvhaz.orlaihaz.mezobereny.hu\/index.php?rest_route=\/wp\/v2\/posts"}],"about":[{"href":"https:\/\/muvhaz.orlaihaz.mezobereny.hu\/index.php?rest_route=\/wp\/v2\/types\/post"}],"author":[{"embeddable":true,"href":"https:\/\/muvhaz.orlaihaz.mezobereny.hu\/index.php?rest_route=\/wp\/v2\/users\/1"}],"replies":[{"embeddable":true,"href":"https:\/\/muvhaz.orlaihaz.mezobereny.hu\/index.php?rest_route=%2Fwp%2Fv2%2Fcomments&post=7559"}],"version-history":[{"count":2,"href":"https:\/\/muvhaz.orlaihaz.mezobereny.hu\/index.php?rest_route=\/wp\/v2\/posts\/7559\/revisions"}],"predecessor-version":[{"id":34813,"href":"https:\/\/muvhaz.orlaihaz.mezobereny.hu\/index.php?rest_route=\/wp\/v2\/posts\/7559\/revisions\/34813"}],"wp:featuredmedia":[{"embeddable":true,"href":"https:\/\/muvhaz.orlaihaz.mezobereny.hu\/index.php?rest_route=\/wp\/v2\/media\/34805"}],"wp:attachment":[{"href":"https:\/\/muvhaz.orlaihaz.mezobereny.hu\/index.php?rest_route=%2Fwp%2Fv2%2Fmedia&parent=7559"}],"wp:term":[{"taxonomy":"category","embeddable":true,"href":"https:\/\/muvhaz.orlaihaz.mezobereny.hu\/index.php?rest_route=%2Fwp%2Fv2%2Fcategories&post=7559"},{"taxonomy":"post_tag","embeddable":true,"href":"https:\/\/muvhaz.orlaihaz.mezobereny.hu\/index.php?rest_route=%2Fwp%2Fv2%2Ftags&post=7559"}],"curies":[{"name":"wp","href":"https:\/\/api.w.org\/{rel}","templated":true}]}}