{"id":7737,"date":"2024-03-22T11:10:00","date_gmt":"2024-03-22T10:10:00","guid":{"rendered":"https:\/\/muvhaz.orlaihaz.mezobereny.hu\/?p=7737"},"modified":"2024-06-12T11:14:21","modified_gmt":"2024-06-12T09:14:21","slug":"a-fogyatekossaggal-elok-megsegiteseert-muzeumi-estek","status":"publish","type":"post","link":"https:\/\/muvhaz.orlaihaz.mezobereny.hu\/?p=7737","title":{"rendered":"A fogyat\u00e9koss\u00e1ggal \u00e9l\u0151k megseg\u00edt\u00e9s\u00e9\u00e9rt \u2013 M\u00fazeumi est\u00e9k"},"content":{"rendered":"\n<p>A \u201eM\u00fazeumi est\u00e9k\u201d rendezv\u00e9nysorozat keret\u00e9ben \u201eAz elk\u00f6telez\u0151d\u00e9s \u00fatja \u2013 a fogyat\u00e9koss\u00e1ggal \u00e9l\u0151k \u00e9let\u00e9nek megv\u00e1ltoztat\u00e1s\u00e1\u00e9rt\u201d c\u00edmmel Nelh\u00fcbel-Ol\u00e1h Henriette, a M\u00e9cses Szolg\u00e1l\u00f3 K\u00f6z\u00f6ss\u00e9g Egyes\u00fclet \u00fcgyvezet\u0151je 2024. m\u00e1rcius 21-\u00e9n az Orlai h\u00e1z Pet\u0151fi-eml\u00e9kszob\u00e1j\u00e1ban tartott el\u0151ad\u00e1st. A civilszervezet m\u00e1rcius 15-\u00e9n kapta meg a \u201eMez\u0151ber\u00e9ny Eg\u00e9szs\u00e9g\u00fcgy\u00e9\u00e9rt, Szoci\u00e1lis Ell\u00e1t\u00e1s\u00e1\u00e9rt\u201d elismer\u0151 c\u00edmet.&nbsp;<\/p>\n\n\n\n<figure class=\"wp-block-image aligncenter size-large is-resized\"><img fetchpriority=\"high\" decoding=\"async\" width=\"683\" height=\"1024\" src=\"https:\/\/muvhaz.orlaihaz.mezobereny.hu\/wp-content\/uploads\/sites\/2\/2024\/03\/OPS_0025_oh-683x1024.jpg\" alt=\"\" class=\"wp-image-7738\" style=\"aspect-ratio:0.6671159029649596;width:492px;height:auto\" srcset=\"https:\/\/muvhaz.orlaihaz.mezobereny.hu\/wp-content\/uploads\/sites\/2\/2024\/03\/OPS_0025_oh-683x1024.jpg 683w, https:\/\/muvhaz.orlaihaz.mezobereny.hu\/wp-content\/uploads\/sites\/2\/2024\/03\/OPS_0025_oh-200x300.jpg 200w, https:\/\/muvhaz.orlaihaz.mezobereny.hu\/wp-content\/uploads\/sites\/2\/2024\/03\/OPS_0025_oh-768x1151.jpg 768w, https:\/\/muvhaz.orlaihaz.mezobereny.hu\/wp-content\/uploads\/sites\/2\/2024\/03\/OPS_0025_oh.jpg 990w\" sizes=\"(max-width: 683px) 100vw, 683px\" \/><\/figure>\n\n\n\n<p>Az el\u0151ad\u00f3 szem\u00e9lyes visszaeml\u00e9kez\u00e9ssel kezdte. Tin\u00e9dzserk\u00e9nt, 16-17 \u00e9ves kor\u00e1ban hozta meg a d\u00f6nt\u00e9st, hogy Istent akarja szolg\u00e1lni. Mez\u0151ber\u00e9nybe 1996-ban k\u00f6lt\u00f6ztek, \u00e9s szolg\u00e1ltak Tarhoson a gyermekv\u00e9delmi \u00e9s gy\u00f3gypedag\u00f3giai int\u00e9zetben. Ott s\u00e9r\u00fclt lak\u00f3k k\u00f6r\u00e9ben kiszolg\u00e1ltatotts\u00e1got tapasztaltak, nem a gondozottak d\u00f6nt\u00f6ttek arr\u00f3l mikor mit esznek, isznak. Mivel sz\u00e1z gyerekre csup\u00e1n egy gondoz\u00f3 jutott, ez\u00e9rt el\u0151fordult, hogy az er\u0151sebbek b\u00e1ntott\u00e1k a gyeng\u00e9bbeket. Az ezredfordul\u00f3n az int\u00e9zm\u00e9nyt bez\u00e1rt\u00e1k, \u00e9s a gondozottakat egy szatyorral sz\u00e9lnek eresztett\u00e9k, ez\u00e9rt a 12 tag\u00fa bar\u00e1ti k\u00f6r\u00fck \u00fagy d\u00f6nt\u00f6tt, hogy seg\u00edtenek rajtuk. A Pet\u0151fi utca 54. sz\u00e1m alatt el\u0151bb b\u00e9reltek, majd megv\u00e1s\u00e1roltak egy lak\u00f3otthont. A felszerel\u00e9st otthonr\u00f3l hozt\u00e1k \u00f6ssze, \u00e9s a h\u00e1zat kezdetben adom\u00e1nyokb\u00f3l m\u0171k\u00f6dtett\u00e9k. K\u00e9s\u0151bb sorban nyitott\u00e1k az \u00fajabb \u00e9s \u00fajabb lak\u00f3otthonokat, k\u00f6zben r\u00e1j\u00f6ttek, \u00f6nmag\u00e1ban a szeretet munk\u00e1jukhoz kev\u00e9s, a gondoz\u00e1s szakm\u00e1j\u00e1t is meg kell tanulniuk.&nbsp;<\/p>\n\n\n<p>\u00dajabb \u00e9s \u00fajabb ig\u00e9nyekkel tal\u00e1lkoztak, a csal\u00e1dok k\u00e9rt\u00e9k a gyerekek nappali ell\u00e1t\u00e1s\u00e1t, majd a korai fejleszt\u00e9s \u00e9rdek\u00e9ben a sz\u00e1ll\u00edt\u00e1sukat, ez\u00e9rt alak\u00edtott\u00e1k meg 2006-ban a t\u00e1mogat\u00f3 szolg\u00e1latot. Alapell\u00e1t\u00e1si k\u00f6zpontjukat 2014-ben v\u00e1s\u00e1rolt\u00e1k meg. A nappali foglakoztat\u00e1s keret\u00e9ben ind\u00edtott\u00e1k el kert\u00e9szet\u00fcket, k\u00e9s\u0151bb a kos\u00e1rfon\u00e1st \u00e9s a sz\u0151nyegsz\u00f6v\u00e9st. A konyh\u00e1jukat 2015-ben nyitott\u00e1k meg, b\u00e1r nagyon f\u00e9ltek, mik\u00e9nt tudj\u00e1k majd betartani a szigor\u00fa higi\u00e9niai k\u00f6vetelm\u00e9nyeket, de az elm\u00falt kilenc \u00e9vben probl\u00e9mamentesen m\u0171k\u00f6dtek. Az egyes\u00fcletet 2021-ben B\u00e9k\u00e9s \u00e9s Csongr\u00e1d-Csan\u00e1d v\u00e1rmegy\u00e9ben m\u00f3dszertani fejleszt\u00e9sre jel\u00f6lt\u00e9k ki, a k\u00f6vetkez\u0151 \u00e9vben megtartott\u00e1k els\u0151 szakmai tal\u00e1lkoz\u00f3jukat. EFOP-projektj\u00fcket 2022-ben ind\u00edtott\u00e1k el, szint\u00e9n a sz\u00fcl\u0151k k\u00e9r\u00e9s\u00e9re. Ennek keret\u00e9ben hat h\u00e1z megv\u00e1s\u00e1rl\u00e1s\u00e1val negyven \u00faj lak\u00f3t helyeztek el. H\u00e1rom ingatlant B\u00e9k\u00e9scsab\u00e1n, h\u00e1rmat Mez\u0151ber\u00e9nyben vettek meg.<\/p>\n<p>A rendezv\u00e9nyt vissza n\u00e9zhetik a <a href=\"https:\/\/www.youtube.com\/watch?v=BhWhlJBHq90\">youtube<\/a>-on<\/p>\n<p style=\"text-align: center;\"><a href=\"https:\/\/muvhaz.orlaihaz.mezobereny.hu\/index.php\/nggallery\/album\/a-fogyatekossaggal-elok-megsegiteseert-muzeumi-estek2024?page_id=34592\">Gal\u00e9ria<\/a><\/p>","protected":false},"excerpt":{"rendered":"<p>A \u201eM\u00fazeumi est\u00e9k\u201d rendezv\u00e9nysorozat keret\u00e9ben \u201eAz elk\u00f6telez\u0151d\u00e9s \u00fatja \u2013 a fogyat\u00e9koss\u00e1ggal \u00e9l\u0151k \u00e9let\u00e9nek megv\u00e1ltoztat\u00e1s\u00e1\u00e9rt\u201d c\u00edmmel Nelh\u00fcbel-Ol\u00e1h Henriette, a M\u00e9cses Szolg\u00e1l\u00f3 K\u00f6z\u00f6ss\u00e9g Egyes\u00fclet \u00fcgyvezet\u0151je 2024. m\u00e1rcius 21-\u00e9n az Orlai h\u00e1z Pet\u0151fi-eml\u00e9kszob\u00e1j\u00e1ban [&hellip;]<\/p>\n","protected":false},"author":1,"featured_media":36415,"comment_status":"closed","ping_status":"open","sticky":false,"template":"","format":"standard","meta":{"site-sidebar-layout":"default","site-content-layout":"","ast-site-content-layout":"","site-content-style":"default","site-sidebar-style":"default","ast-global-header-display":"","ast-banner-title-visibility":"","ast-main-header-display":"","ast-hfb-above-header-display":"","ast-hfb-below-header-display":"","ast-hfb-mobile-header-display":"","site-post-title":"","ast-breadcrumbs-content":"","ast-featured-img":"","footer-sml-layout":"","theme-transparent-header-meta":"","adv-header-id-meta":"","stick-header-meta":"","header-above-stick-meta":"","header-main-stick-meta":"","header-below-stick-meta":"","astra-migrate-meta-layouts":"default","ast-page-background-enabled":"default","ast-page-background-meta":{"desktop":{"background-color":"var(--ast-global-color-4)","background-image":"","background-repeat":"repeat","background-position":"center center","background-size":"auto","background-attachment":"scroll","background-type":"","background-media":"","overlay-type":"","overlay-color":"","overlay-opacity":"","overlay-gradient":""},"tablet":{"background-color":"","background-image":"","background-repeat":"repeat","background-position":"center center","background-size":"auto","background-attachment":"scroll","background-type":"","background-media":"","overlay-type":"","overlay-color":"","overlay-opacity":"","overlay-gradient":""},"mobile":{"background-color":"","background-image":"","background-repeat":"repeat","background-position":"center center","background-size":"auto","background-attachment":"scroll","background-type":"","background-media":"","overlay-type":"","overlay-color":"","overlay-opacity":"","overlay-gradient":""}},"ast-content-background-meta":{"desktop":{"background-color":"var(--ast-global-color-5)","background-image":"","background-repeat":"repeat","background-position":"center center","background-size":"auto","background-attachment":"scroll","background-type":"","background-media":"","overlay-type":"","overlay-color":"","overlay-opacity":"","overlay-gradient":""},"tablet":{"background-color":"var(--ast-global-color-5)","background-image":"","background-repeat":"repeat","background-position":"center center","background-size":"auto","background-attachment":"scroll","background-type":"","background-media":"","overlay-type":"","overlay-color":"","overlay-opacity":"","overlay-gradient":""},"mobile":{"background-color":"var(--ast-global-color-5)","background-image":"","background-repeat":"repeat","background-position":"center center","background-size":"auto","background-attachment":"scroll","background-type":"","background-media":"","overlay-type":"","overlay-color":"","overlay-opacity":"","overlay-gradient":""}},"ngg_post_thumbnail":0,"footnotes":""},"categories":[1],"tags":[],"class_list":["post-7737","post","type-post","status-publish","format-standard","has-post-thumbnail","hentry"],"jetpack_featured_media_url":"https:\/\/muvhaz.orlaihaz.mezobereny.hu\/wp-content\/uploads\/sites\/2\/2024\/07\/Mecses-PLAKAT.jpg","_links":{"self":[{"href":"https:\/\/muvhaz.orlaihaz.mezobereny.hu\/index.php?rest_route=\/wp\/v2\/posts\/7737"}],"collection":[{"href":"https:\/\/muvhaz.orlaihaz.mezobereny.hu\/index.php?rest_route=\/wp\/v2\/posts"}],"about":[{"href":"https:\/\/muvhaz.orlaihaz.mezobereny.hu\/index.php?rest_route=\/wp\/v2\/types\/post"}],"author":[{"embeddable":true,"href":"https:\/\/muvhaz.orlaihaz.mezobereny.hu\/index.php?rest_route=\/wp\/v2\/users\/1"}],"replies":[{"embeddable":true,"href":"https:\/\/muvhaz.orlaihaz.mezobereny.hu\/index.php?rest_route=%2Fwp%2Fv2%2Fcomments&post=7737"}],"version-history":[{"count":2,"href":"https:\/\/muvhaz.orlaihaz.mezobereny.hu\/index.php?rest_route=\/wp\/v2\/posts\/7737\/revisions"}],"predecessor-version":[{"id":34911,"href":"https:\/\/muvhaz.orlaihaz.mezobereny.hu\/index.php?rest_route=\/wp\/v2\/posts\/7737\/revisions\/34911"}],"wp:featuredmedia":[{"embeddable":true,"href":"https:\/\/muvhaz.orlaihaz.mezobereny.hu\/index.php?rest_route=\/wp\/v2\/media\/36415"}],"wp:attachment":[{"href":"https:\/\/muvhaz.orlaihaz.mezobereny.hu\/index.php?rest_route=%2Fwp%2Fv2%2Fmedia&parent=7737"}],"wp:term":[{"taxonomy":"category","embeddable":true,"href":"https:\/\/muvhaz.orlaihaz.mezobereny.hu\/index.php?rest_route=%2Fwp%2Fv2%2Fcategories&post=7737"},{"taxonomy":"post_tag","embeddable":true,"href":"https:\/\/muvhaz.orlaihaz.mezobereny.hu\/index.php?rest_route=%2Fwp%2Fv2%2Ftags&post=7737"}],"curies":[{"name":"wp","href":"https:\/\/api.w.org\/{rel}","templated":true}]}}